{"id":7128,"date":"2020-06-09T02:00:24","date_gmt":"2020-06-09T02:00:24","guid":{"rendered":"https:\/\/oparanews.com.br\/?p=7128"},"modified":"2020-06-09T02:00:24","modified_gmt":"2020-06-09T02:00:24","slug":"governador-defende-maxima-transparencia-na-divulgacao-de-dados-da-covid-19-no-brasil","status":"publish","type":"post","link":"https:\/\/www.oparanews.com.br\/index.php\/2020\/06\/09\/governador-defende-maxima-transparencia-na-divulgacao-de-dados-da-covid-19-no-brasil\/","title":{"rendered":"Governador defende m\u00e1xima transpar\u00eancia na divulga\u00e7\u00e3o de dados da Covid-19 no Brasil"},"content":{"rendered":"<p>O governador Renan Filho defendeu, em entrevista ao Jornal da Manh\u00e3 da Jovem Pan, nesta segunda-feira (08), o n\u00edvel m\u00e1ximo de transpar\u00eancia na divulga\u00e7\u00e3o dos dados referentes \u00e0 pandemia do novo coronav\u00edrus no Brasil. Segundo ele, sem estat\u00edsticas confi\u00e1veis, o pa\u00eds n\u00e3o ter\u00e1 como enfrentar a Covid-19 de maneira eficaz e cobrou um \u201cesfor\u00e7o conjunto de integra\u00e7\u00e3o nacional\u201d para vencer a crise.<\/p>\n<p>O apresentador do Jornal da Manh\u00e3, Thiago Uberreich, lembrou, logo na abertura da entrevista, que o final de semana foi marcado por \u201cmuita pol\u00eamica\u201d em rela\u00e7\u00e3o \u00e0 divulga\u00e7\u00e3o dos n\u00fameros da pandemia por parte do Minist\u00e9rio da Sa\u00fade. Renan Filho foi indagado se o adiamento das informa\u00e7\u00f5es ou a divulga\u00e7\u00e3o delas em hor\u00e1rio avan\u00e7ado dificultaria o trabalho de combate \u00e0 Covid-19.<\/p>\n<p>\u201cA transpar\u00eancia de dados para o enfrentamento da pandemia \u00e9 fundamental. Sem esses dados consolidados, dados cr\u00edveis, aumenta a dificuldade para fazer o enfrentamento da doen\u00e7a, sobretudo nas diferentes regi\u00f5es do pa\u00eds. Por isso \u00e9 muito importante o papel do Minist\u00e9rio da Sa\u00fade no sentido de receber as informa\u00e7\u00f5es, condens\u00e1-las, divulg\u00e1-las em hor\u00e1rio apropriado para que a popula\u00e7\u00e3o tome conhecimento, de maneira ampla, fidedigna e que ajude o Brasil a sair da crise. N\u00e3o tem como enfrentar uma pandemia sem estat\u00edsticas confi\u00e1veis\u201d, considerou Renan Filho.<\/p>\n<p>Ele lembrou que a regi\u00e3o Nordeste possui um dos melhores \u00edndices de transpar\u00eancia da Covid-19 no pa\u00eds, aferidos pela organiza\u00e7\u00e3o n\u00e3o-governamental (ONG) Open Knowledge Brasil (OKBR), que avalia a qualidade dos dados e informa\u00e7\u00f5es relativos \u00e0 pandemia do novo coronav\u00edrus.<\/p>\n<p>Conforme o \u00faltimo boletim emitido pela Open Knowledge Brasil, dos nove estados nordestinos, seis possuem n\u00edvel de transpar\u00eancia considerado m\u00e1ximo (Cear\u00e1, Alagoas, Pernambuco, Rio Grande do Norte, Sergipe e Piau\u00ed). Outros dois t\u00eam avalia\u00e7\u00e3o boa (Maranh\u00e3o e Para\u00edba) e um tem classifica\u00e7\u00e3o m\u00e9dia (Bahia).<\/p>\n<p>O governador afirmou que, al\u00e9m de atingir o n\u00edvel m\u00e1ximo de transpar\u00eancia, o Minist\u00e9rio da Sa\u00fade precisa apresentar um caminho \u2013 \u201cum norte\u201d \u2013 para a unifica\u00e7\u00e3o e a uniformidade das estat\u00edsticas nacionais relacionadas \u00e0 pandemia. Ele defendeu, ainda, um \u201cesfor\u00e7o conjunto de integra\u00e7\u00e3o nacional\u201d para o enfrentamento da Covid-19.<\/p>\n<p>\u201cEstat\u00edsticas confusas, divulgadas de maneira err\u00e1tica, sem a confian\u00e7a necess\u00e1ria, que n\u00e3o retratam fidedignamente o que ocorre na sociedade, dificultam o combate \u00e0 pandemia e atrapalham o Brasil internacionalmente, porque passa a ideia de desorganiza\u00e7\u00e3o. E o pior: vai fazer com que a pandemia dure mais tempo no pa\u00eds, o que ningu\u00e9m certamente quer\u201d, concluiu.<\/p>\n<p>&nbsp;<\/p>\n<p><strong>Fonte: Ag\u00eancia Alagoas<\/strong><\/p>\n<p>&nbsp;<\/p>\n","protected":false},"excerpt":{"rendered":"<p>O governador Renan Filho defendeu, em entrevista ao Jornal da Manh\u00e3 da Jovem Pan, nesta segunda-feira (08), o n\u00edvel m\u00e1ximo de transpar\u00eancia na divulga\u00e7\u00e3o dos dados referentes \u00e0 pandemia do novo coronav\u00edrus no Brasil. Segundo ele, sem estat\u00edsticas confi\u00e1veis, o pa\u00eds n\u00e3o ter\u00e1 como enfrentar a Covid-19 de maneira eficaz e cobrou um \u201cesfor\u00e7o conjunto &hellip;<\/p>\n","protected":false},"author":1,"featured_media":7129,"comment_status":"open","ping_status":"open","sticky":false,"template":"","format":"standard","meta":{"_jetpack_newsletter_access":"","_jetpack_dont_email_post_to_subs":false,"_jetpack_newsletter_tier_id":0,"_jetpack_memberships_contains_paywalled_content":false,"_jetpack_memberships_contains_paid_content":false,"footnotes":""},"categories":[1],"tags":[],"class_list":["post-7128","post","type-post","status-publish","format-standard","has-post-thumbnail","hentry","category-destaque"],"jetpack_sharing_enabled":true,"jetpack_featured_media_url":"","_links":{"self":[{"href":"https:\/\/www.oparanews.com.br\/index.php\/wp-json\/wp\/v2\/posts\/7128","targetHints":{"allow":["GET"]}}],"collection":[{"href":"https:\/\/www.oparanews.com.br\/index.php\/wp-json\/wp\/v2\/posts"}],"about":[{"href":"https:\/\/www.oparanews.com.br\/index.php\/wp-json\/wp\/v2\/types\/post"}],"author":[{"embeddable":true,"href":"https:\/\/www.oparanews.com.br\/index.php\/wp-json\/wp\/v2\/users\/1"}],"replies":[{"embeddable":true,"href":"https:\/\/www.oparanews.com.br\/index.php\/wp-json\/wp\/v2\/comments?post=7128"}],"version-history":[{"count":0,"href":"https:\/\/www.oparanews.com.br\/index.php\/wp-json\/wp\/v2\/posts\/7128\/revisions"}],"wp:attachment":[{"href":"https:\/\/www.oparanews.com.br\/index.php\/wp-json\/wp\/v2\/media?parent=7128"}],"wp:term":[{"taxonomy":"category","embeddable":true,"href":"https:\/\/www.oparanews.com.br\/index.php\/wp-json\/wp\/v2\/categories?post=7128"},{"taxonomy":"post_tag","embeddable":true,"href":"https:\/\/www.oparanews.com.br\/index.php\/wp-json\/wp\/v2\/tags?post=7128"}],"curies":[{"name":"wp","href":"https:\/\/api.w.org\/{rel}","templated":true}]}}