{"id":7131,"date":"2020-06-09T05:14:43","date_gmt":"2020-06-09T05:14:43","guid":{"rendered":"https:\/\/oparanews.com.br\/?p=7131"},"modified":"2020-06-09T05:14:43","modified_gmt":"2020-06-09T05:14:43","slug":"prefeitura-de-penedo-distribui-mascaras-contra-covid-19-na-zona-rural","status":"publish","type":"post","link":"https:\/\/www.oparanews.com.br\/index.php\/2020\/06\/09\/prefeitura-de-penedo-distribui-mascaras-contra-covid-19-na-zona-rural\/","title":{"rendered":"Prefeitura de Penedo distribui m\u00e1scaras contra Covid-19 na zona rural"},"content":{"rendered":"<p>Duas mil m\u00e1scaras faciais foram distribu\u00eddas pela Prefeitura de Penedo para fam\u00edlias que residem na zona rural, a\u00e7\u00e3o de combate \u00e0 Covid-19 realizada por meio das Secretarias Municipais de Sa\u00fade (SEMS) e de Desenvolvimento Social e Habita\u00e7\u00e3o (Semdsh).<\/p>\n<p>O trabalho coletivo beneficiou fam\u00edlias em situa\u00e7\u00e3o de vulnerabilidade que residem em Palmeira Alta, comunidade com o mais alto \u00edndice de pessoas contaminadas da zona rural, conforme consta nos mais recentes boletins epidemiol\u00f3gicos divulgados pela SEMS.<\/p>\n<p>Dos 96 casos confirmados de Covid-19 em Penedo at\u00e9 este segunda-feira, 08 de junho), 14 est\u00e3o na Palmeira Alta<\/p>\n<p>O uso de m\u00e1scara facial reduz a propaga\u00e7\u00e3o do coronav\u00edrus e \u00e9 obrigat\u00f3rio em locais p\u00fablicos e privados, entre eles supermercados, farm\u00e1cias, padarias ou qualquer outro local autorizado a funcionar, seguindo as restri\u00e7\u00f5es impostas pela pandemia.<\/p>\n<p>O benef\u00edcio viabilizado pela Prefeitura de Penedo para fam\u00edlias de baixa renda tamb\u00e9m acontece na cidade e \u00e9 resultado de outra a\u00e7\u00e3o do governo Marcius Beltr\u00e3o\/Ronaldo Lopes.<\/p>\n<p>As m\u00e1scaras distribu\u00eddas s\u00e3o produzidas por costureiras contratadas, por meio de chamada p\u00fablica, iniciativa que gera emprego e renda para pessoas e economia ao munic\u00edpio.<\/p>\n<p><strong>Integra\u00e7\u00e3o<\/strong><\/p>\n<p>\u201cN\u00f3s acreditamos que a integra\u00e7\u00e3o de pol\u00edticas p\u00fablicas, especialmente entre as secretarias e outros setores da Prefeitura de Penedo, pode gerar muito mais for\u00e7a para enfrentar o coronav\u00edrus\u201d, explica o psic\u00f3logo Vin\u00edcius de Barbosa, gestor da Semdsh.<\/p>\n<p>Ele destaca ainda a entrega de cestas b\u00e1sicas para pessoas em condi\u00e7\u00e3o de extrema pobreza, trabalho que atende cerca de 7.300 mil fam\u00edlias, com alimentos enviados pelo governo estadual (3.800 cestas) e comprados pela Prefeitura de Penedo (3.500 cestas).<\/p>\n<p>Outra frente de trabalho \u00e9 a distribui\u00e7\u00e3o de kits de higiene para mulheres \u2013 em sua maioria idosas \u2013 assistidas pelo Servi\u00e7o de Conviv\u00eancia e Fortalecimento de V\u00ednculos (SCFV). Al\u00e9m do ato da entrega do kit formado por detergente, sab\u00e3o em pedra, \u00e1lcool em gel e m\u00e1scara facial, a distribui\u00e7\u00e3o \u00e9 acompanhada por mensagens de carinho e abra\u00e7os virtuais.<\/p>\n<p><strong>Miss\u00e3o<\/strong><\/p>\n<p>\u201cA nossa miss\u00e3o \u00e9 marcada por sentidos, por significados. \u00c9 feita com muito sentimento e a gente tamb\u00e9m se emociona. Esperamos, em breve, que possamos reencontrar nossos participantes dos Servi\u00e7os de Conviv\u00eancia, sem os protocolos de seguran\u00e7a necess\u00e1rios para os dias de hoje\u201d, destaca Vin\u00edcius Barbosa, parabenizando o empenho dos servidores.<\/p>\n<p>\u201cO nosso medo n\u00e3o pode ser maior do que a necessidade das pessoas e sem a dedica\u00e7\u00e3o e o compromisso das nossas equipes, a gente n\u00e3o conseguiria fazer nada\u201d, afirma o gestor da pasta que segue cronograma de atendimento \u00e0 popula\u00e7\u00e3o elaborado junto com a SEMS, trabalho que prioriza localidades mais vulner\u00e1veis e com maior \u00edndice de cont\u00e1gio por Covid-19.<\/p>\n<p>&nbsp;<\/p>\n<p><strong>por Fernando Vin\u00edcius \u2013 Decom PMP<\/strong><\/p>\n<p>&nbsp;<\/p>\n","protected":false},"excerpt":{"rendered":"<p>Duas mil m\u00e1scaras faciais foram distribu\u00eddas pela Prefeitura de Penedo para fam\u00edlias que residem na zona rural, a\u00e7\u00e3o de combate \u00e0 Covid-19 realizada por meio das Secretarias Municipais de Sa\u00fade (SEMS) e de Desenvolvimento Social e Habita\u00e7\u00e3o (Semdsh). O trabalho coletivo beneficiou fam\u00edlias em situa\u00e7\u00e3o de vulnerabilidade que residem em Palmeira Alta, comunidade com o &hellip;<\/p>\n","protected":false},"author":1,"featured_media":7132,"comment_status":"open","ping_status":"open","sticky":false,"template":"","format":"standard","meta":{"_jetpack_newsletter_access":"","_jetpack_dont_email_post_to_subs":false,"_jetpack_newsletter_tier_id":0,"_jetpack_memberships_contains_paywalled_content":false,"_jetpack_memberships_contains_paid_content":false,"footnotes":""},"categories":[1],"tags":[],"class_list":["post-7131","post","type-post","status-publish","format-standard","has-post-thumbnail","hentry","category-destaque"],"jetpack_sharing_enabled":true,"jetpack_featured_media_url":"","_links":{"self":[{"href":"https:\/\/www.oparanews.com.br\/index.php\/wp-json\/wp\/v2\/posts\/7131","targetHints":{"allow":["GET"]}}],"collection":[{"href":"https:\/\/www.oparanews.com.br\/index.php\/wp-json\/wp\/v2\/posts"}],"about":[{"href":"https:\/\/www.oparanews.com.br\/index.php\/wp-json\/wp\/v2\/types\/post"}],"author":[{"embeddable":true,"href":"https:\/\/www.oparanews.com.br\/index.php\/wp-json\/wp\/v2\/users\/1"}],"replies":[{"embeddable":true,"href":"https:\/\/www.oparanews.com.br\/index.php\/wp-json\/wp\/v2\/comments?post=7131"}],"version-history":[{"count":0,"href":"https:\/\/www.oparanews.com.br\/index.php\/wp-json\/wp\/v2\/posts\/7131\/revisions"}],"wp:attachment":[{"href":"https:\/\/www.oparanews.com.br\/index.php\/wp-json\/wp\/v2\/media?parent=7131"}],"wp:term":[{"taxonomy":"category","embeddable":true,"href":"https:\/\/www.oparanews.com.br\/index.php\/wp-json\/wp\/v2\/categories?post=7131"},{"taxonomy":"post_tag","embeddable":true,"href":"https:\/\/www.oparanews.com.br\/index.php\/wp-json\/wp\/v2\/tags?post=7131"}],"curies":[{"name":"wp","href":"https:\/\/api.w.org\/{rel}","templated":true}]}}