{"id":7148,"date":"2020-06-10T03:09:23","date_gmt":"2020-06-10T03:09:23","guid":{"rendered":"https:\/\/oparanews.com.br\/?p=7148"},"modified":"2020-06-10T03:09:23","modified_gmt":"2020-06-10T03:09:23","slug":"cresce-em-alagoas-numero-de-pedidos-de-seguro-desemprego","status":"publish","type":"post","link":"https:\/\/www.oparanews.com.br\/index.php\/2020\/06\/10\/cresce-em-alagoas-numero-de-pedidos-de-seguro-desemprego\/","title":{"rendered":"Cresce em Alagoas n\u00famero de pedidos de seguro-desemprego"},"content":{"rendered":"<p>O n\u00famero de solicita\u00e7\u00f5es do seguro-desemprego cresceu em Alagoas no m\u00eas de maio deste ano. Foram mais de 8 mil solicita\u00e7\u00f5es, n\u00famero maior que o registrado no m\u00eas anterior e maior tamb\u00e9m que o m\u00eas de maio de 2019. A informa\u00e7\u00e3o foi divulgada ter\u00e7a-feira (9) pela Secretaria de Trabalho do Minist\u00e9rio da Economia.<\/p>\n<p>Veja abaixo os n\u00fameros exatos de cada per\u00edodo:<\/p>\n<p>maio\/2020: 8.247 solicita\u00e7\u00f5es de seguro-desemprego<br \/>\nabril\/2020: 5.687<br \/>\nmaio\/2019: 7.177<\/p>\n<p>Em todo o Brasil, foram 960.258 pedidos de seguro-desemprego em maio deste ano, 53% a mais do que o verificado no mesmo m\u00eas do ano passado.<\/p>\n<p>A economia global tem sido abalada pela pandemia do novo coronav\u00edrus e os reflexos tamb\u00e9m foram sentidos em Alagoas, que come\u00e7ou a implantar medidas de isolamento social na segunda quinzena de mar\u00e7o, com o fechamento de diversos estabelecimentos e servi\u00e7os considerados n\u00e3o essenciais.<\/p>\n<p>&nbsp;<\/p>\n<p><strong>Fonte: G1\/AL<\/strong><\/p>\n<p>&nbsp;<\/p>\n","protected":false},"excerpt":{"rendered":"<p>O n\u00famero de solicita\u00e7\u00f5es do seguro-desemprego cresceu em Alagoas no m\u00eas de maio deste ano. Foram mais de 8 mil solicita\u00e7\u00f5es, n\u00famero maior que o registrado no m\u00eas anterior e maior tamb\u00e9m que o m\u00eas de maio de 2019. A informa\u00e7\u00e3o foi divulgada ter\u00e7a-feira (9) pela Secretaria de Trabalho do Minist\u00e9rio da Economia. Veja abaixo &hellip;<\/p>\n","protected":false},"author":1,"featured_media":7149,"comment_status":"open","ping_status":"open","sticky":false,"template":"","format":"standard","meta":{"_jetpack_newsletter_access":"","_jetpack_dont_email_post_to_subs":false,"_jetpack_newsletter_tier_id":0,"_jetpack_memberships_contains_paywalled_content":false,"_jetpack_memberships_contains_paid_content":false,"footnotes":""},"categories":[1],"tags":[],"class_list":["post-7148","post","type-post","status-publish","format-standard","has-post-thumbnail","hentry","category-destaque"],"jetpack_sharing_enabled":true,"jetpack_featured_media_url":"","_links":{"self":[{"href":"https:\/\/www.oparanews.com.br\/index.php\/wp-json\/wp\/v2\/posts\/7148","targetHints":{"allow":["GET"]}}],"collection":[{"href":"https:\/\/www.oparanews.com.br\/index.php\/wp-json\/wp\/v2\/posts"}],"about":[{"href":"https:\/\/www.oparanews.com.br\/index.php\/wp-json\/wp\/v2\/types\/post"}],"author":[{"embeddable":true,"href":"https:\/\/www.oparanews.com.br\/index.php\/wp-json\/wp\/v2\/users\/1"}],"replies":[{"embeddable":true,"href":"https:\/\/www.oparanews.com.br\/index.php\/wp-json\/wp\/v2\/comments?post=7148"}],"version-history":[{"count":0,"href":"https:\/\/www.oparanews.com.br\/index.php\/wp-json\/wp\/v2\/posts\/7148\/revisions"}],"wp:attachment":[{"href":"https:\/\/www.oparanews.com.br\/index.php\/wp-json\/wp\/v2\/media?parent=7148"}],"wp:term":[{"taxonomy":"category","embeddable":true,"href":"https:\/\/www.oparanews.com.br\/index.php\/wp-json\/wp\/v2\/categories?post=7148"},{"taxonomy":"post_tag","embeddable":true,"href":"https:\/\/www.oparanews.com.br\/index.php\/wp-json\/wp\/v2\/tags?post=7148"}],"curies":[{"name":"wp","href":"https:\/\/api.w.org\/{rel}","templated":true}]}}