{"id":7151,"date":"2020-06-10T10:28:03","date_gmt":"2020-06-10T10:28:03","guid":{"rendered":"https:\/\/oparanews.com.br\/?p=7151"},"modified":"2020-06-10T10:28:03","modified_gmt":"2020-06-10T10:28:03","slug":"regina-duarte-e-exonerada-da-secretaria-especial-de-cultura","status":"publish","type":"post","link":"https:\/\/www.oparanews.com.br\/index.php\/2020\/06\/10\/regina-duarte-e-exonerada-da-secretaria-especial-de-cultura\/","title":{"rendered":"Regina Duarte \u00e9 exonerada da secretaria especial de Cultura"},"content":{"rendered":"<p>A atriz Regina Duarte foi exonerada do comando de secretaria especial da Cultura. A sa\u00edda oficial da atriz do cargo foi publicada em edi\u00e7\u00e3o desta quarta-feira, 10, do Di\u00e1rio Oficial da Uni\u00e3o, quase um m\u00eas ap\u00f3s o presidente Jair Bolsonaro anunciar que Regina deixaria o posto, em 20 de maio.<\/p>\n<p>Em v\u00eddeo publicado nas redes sociais do presidente \u00e0 \u00e9poca, ele afirmou que Regina Duarte deixaria a secretaria da Cultura para assumir a Cinemateca Brasileira, em S\u00e3o Paulo, institui\u00e7\u00e3o respons\u00e1vel pela preserva\u00e7\u00e3o do audiovisual brasileiro. A atriz, por\u00e9m, continuou dando expediente em Bras\u00edlia.<\/p>\n<p>Regina Duarte assumiu a pasta, vinculada ao Minist\u00e9rio do Turismo, em 4 de mar\u00e7o, ap\u00f3s a sa\u00edda de Roberto Alvim, que utilizou refer\u00eancias do nazista Joseph Goebbels, ministro da Propaganda de Adolf Hitler, em um v\u00eddeo.<\/p>\n<p>A trajet\u00f3ria de Regina Duarte na secretaria foi marcada por algumas pol\u00eamicas, como a renomea\u00e7\u00e3o do maestro Dante Mantovani como presidente da Funda\u00e7\u00e3o Nacional de Arte (Funarte), em 5 de maio, sem a atriz, que tinha exonerado Mantovani em seu primeiro dia como secret\u00e1ria, ser consultada.<\/p>\n<p>A exonera\u00e7\u00e3o de Regina foi assinada pelo presidente Bolsonaro e pelo ministro do Turismo, Marcelo Henrique Teixeira Dias, conhecido como Marcelo \u00c1lvaro Ant\u00f4nio. Ainda n\u00e3o h\u00e1 um substituto definido.<\/p>\n<p>&nbsp;<\/p>\n<p><strong>Fonte: Veja<\/strong><\/p>\n<p>&nbsp;<\/p>\n","protected":false},"excerpt":{"rendered":"<p>A atriz Regina Duarte foi exonerada do comando de secretaria especial da Cultura. A sa\u00edda oficial da atriz do cargo foi publicada em edi\u00e7\u00e3o desta quarta-feira, 10, do Di\u00e1rio Oficial da Uni\u00e3o, quase um m\u00eas ap\u00f3s o presidente Jair Bolsonaro anunciar que Regina deixaria o posto, em 20 de maio. Em v\u00eddeo publicado nas redes &hellip;<\/p>\n","protected":false},"author":1,"featured_media":7152,"comment_status":"open","ping_status":"open","sticky":false,"template":"","format":"standard","meta":{"_jetpack_newsletter_access":"","_jetpack_dont_email_post_to_subs":false,"_jetpack_newsletter_tier_id":0,"_jetpack_memberships_contains_paywalled_content":false,"_jetpack_memberships_contains_paid_content":false,"footnotes":""},"categories":[1],"tags":[],"class_list":["post-7151","post","type-post","status-publish","format-standard","has-post-thumbnail","hentry","category-destaque"],"jetpack_sharing_enabled":true,"jetpack_featured_media_url":"","_links":{"self":[{"href":"https:\/\/www.oparanews.com.br\/index.php\/wp-json\/wp\/v2\/posts\/7151","targetHints":{"allow":["GET"]}}],"collection":[{"href":"https:\/\/www.oparanews.com.br\/index.php\/wp-json\/wp\/v2\/posts"}],"about":[{"href":"https:\/\/www.oparanews.com.br\/index.php\/wp-json\/wp\/v2\/types\/post"}],"author":[{"embeddable":true,"href":"https:\/\/www.oparanews.com.br\/index.php\/wp-json\/wp\/v2\/users\/1"}],"replies":[{"embeddable":true,"href":"https:\/\/www.oparanews.com.br\/index.php\/wp-json\/wp\/v2\/comments?post=7151"}],"version-history":[{"count":0,"href":"https:\/\/www.oparanews.com.br\/index.php\/wp-json\/wp\/v2\/posts\/7151\/revisions"}],"wp:attachment":[{"href":"https:\/\/www.oparanews.com.br\/index.php\/wp-json\/wp\/v2\/media?parent=7151"}],"wp:term":[{"taxonomy":"category","embeddable":true,"href":"https:\/\/www.oparanews.com.br\/index.php\/wp-json\/wp\/v2\/categories?post=7151"},{"taxonomy":"post_tag","embeddable":true,"href":"https:\/\/www.oparanews.com.br\/index.php\/wp-json\/wp\/v2\/tags?post=7151"}],"curies":[{"name":"wp","href":"https:\/\/api.w.org\/{rel}","templated":true}]}}