{"id":7154,"date":"2020-06-10T10:36:05","date_gmt":"2020-06-10T10:36:05","guid":{"rendered":"https:\/\/oparanews.com.br\/?p=7154"},"modified":"2020-06-10T10:36:05","modified_gmt":"2020-06-10T10:36:05","slug":"suspeito-de-estuprar-funcionaria-e-roubar-loja-e-preso-pela-pc","status":"publish","type":"post","link":"https:\/\/www.oparanews.com.br\/index.php\/2020\/06\/10\/suspeito-de-estuprar-funcionaria-e-roubar-loja-e-preso-pela-pc\/","title":{"rendered":"Suspeito de estuprar funcion\u00e1ria e roubar loja \u00e9 preso pela PC"},"content":{"rendered":"<p>Ap\u00f3s um trabalho de investiga\u00e7\u00e3o, a Pol\u00edcia Civil prendeu o suspeito dos crimes de estupro e de roubo, ocorridos na manh\u00e3 de segunda-feira (8), dentro de uma loja no bairro Farol. A pris\u00e3o aconteceu pr\u00f3ximo ao Terminal Rodovi\u00e1rio de Macei\u00f3, em Feitosa, e foi divulgada pela pol\u00edcia no final da noite de ontem (9).<\/p>\n<p>A opera\u00e7\u00e3o contou com agentes da Delegacia Especializada de Roubos da Capital (DERC) e da Divis\u00e3o Especial de Investiga\u00e7\u00e3o e Capturas (DEIC), coordenada pelos delegados Thiago Prado e Gustavo Henrique, respectivamente.<\/p>\n<p>Segundo a pol\u00edcia, o suspeito de 39 anos foi encontrado nas proximidades da Rodovi\u00e1ria e foi acompanhado pelos agentes at\u00e9 a casa onde morava. L\u00e1, os policiais apreenderam as roupas utilizadas por ele no momento dos delitos.<\/p>\n<p>\u201cA v\u00edtima disse que foi abordada quando entrava no seu local de trabalho, e que o autor do crime utilizava uma faca peixeira. Contou que o infrator praticou viol\u00eancia sexual, subtraiu objetos da loja e saiu em fuga, mantendo a v\u00edtima trancada em uma das salas do estabelecimento\u201d, relatou o delegado Thiago Prado.<\/p>\n<p>O titular da DERC disse ainda que uma den\u00fancia an\u00f4nima foi muito importante para a identifica\u00e7\u00e3o do suspeito. &#8220;A popula\u00e7\u00e3o pode continuar a colaborar com o trabalho da pol\u00edcia dando informa\u00e7\u00f5es de pessoas envolvidas em crimes, podendo utilizar o disque den\u00fancia 181.<\/p>\n<p>Depois de preso, o homem foi conduzido para o Complexo de Delegacias Especializadas (Code), no bairro de Mangabeiras, e autuado em flagrante delito pelos crimes de roubo majorado, pelo uso de arma branca, e estupro, que \u00e9 considerado crime hediondo. A pena pode chegar a 20 anos de pris\u00e3o.<\/p>\n<p>\u201cGostaria de enfatizar o trabalho extremamente r\u00e1pido realizado pela Pol\u00edcia Civil, dando uma resposta c\u00e9lere pra um crime t\u00e3o estarrecedor e horrendo que foi praticado por este indiv\u00edduo\u201d, destacou o delegado Gustavo Henrique, coordenador da GRE\/DEIC.<\/p>\n<p>O caso<\/p>\n<p>O propriet\u00e1rio da loja de equipamentos de inform\u00e1tica confirmou \u00e0 pol\u00edcia que a mulher tinha acabado de chegar no local e desarmado o alarme, quando foi surpreendida pelo suspeito. A funcion\u00e1ria prestou depoimento \u00e0 pol\u00edcia na ter\u00e7a-feira.<\/p>\n<p>&#8220;Assim que ela desarmou o alarme, ele empurrou logo ela na porta, e colocou uma faca no pesco\u00e7o e na barriga dela&#8221;, relatou o empres\u00e1rio.<\/p>\n<p>Depois disso, de acordo com os relatos, o homem estuprou a funcion\u00e1ria e a trancou em uma sala enquanto roubava equipamentos eletr\u00f4nicos da empresa.<\/p>\n<p>&#8220;Uma outra funcion\u00e1ria chegou na empresa momentos depois, se deparou com a situa\u00e7\u00e3o e me ligou. Eu acionei a pol\u00edcia, a empresa de seguran\u00e7a e fui imediatamente \u00e0 empresa. Ficamos estarrecidos com o caso, ela \u00e9 uma boa profissional e boa m\u00e3e&#8221;, descreveu o empres\u00e1rio.<\/p>\n<p>&nbsp;<\/p>\n<p><strong>Fonte: TNH1 com Ascom PC-AL<\/strong><\/p>\n<p>&nbsp;<\/p>\n","protected":false},"excerpt":{"rendered":"<p>Ap\u00f3s um trabalho de investiga\u00e7\u00e3o, a Pol\u00edcia Civil prendeu o suspeito dos crimes de estupro e de roubo, ocorridos na manh\u00e3 de segunda-feira (8), dentro de uma loja no bairro Farol. A pris\u00e3o aconteceu pr\u00f3ximo ao Terminal Rodovi\u00e1rio de Macei\u00f3, em Feitosa, e foi divulgada pela pol\u00edcia no final da noite de ontem (9). A &hellip;<\/p>\n","protected":false},"author":1,"featured_media":7155,"comment_status":"open","ping_status":"open","sticky":false,"template":"","format":"standard","meta":{"_jetpack_newsletter_access":"","_jetpack_dont_email_post_to_subs":false,"_jetpack_newsletter_tier_id":0,"_jetpack_memberships_contains_paywalled_content":false,"_jetpack_memberships_contains_paid_content":false,"footnotes":""},"categories":[1],"tags":[],"class_list":["post-7154","post","type-post","status-publish","format-standard","has-post-thumbnail","hentry","category-destaque"],"jetpack_sharing_enabled":true,"jetpack_featured_media_url":"","_links":{"self":[{"href":"https:\/\/www.oparanews.com.br\/index.php\/wp-json\/wp\/v2\/posts\/7154","targetHints":{"allow":["GET"]}}],"collection":[{"href":"https:\/\/www.oparanews.com.br\/index.php\/wp-json\/wp\/v2\/posts"}],"about":[{"href":"https:\/\/www.oparanews.com.br\/index.php\/wp-json\/wp\/v2\/types\/post"}],"author":[{"embeddable":true,"href":"https:\/\/www.oparanews.com.br\/index.php\/wp-json\/wp\/v2\/users\/1"}],"replies":[{"embeddable":true,"href":"https:\/\/www.oparanews.com.br\/index.php\/wp-json\/wp\/v2\/comments?post=7154"}],"version-history":[{"count":0,"href":"https:\/\/www.oparanews.com.br\/index.php\/wp-json\/wp\/v2\/posts\/7154\/revisions"}],"wp:attachment":[{"href":"https:\/\/www.oparanews.com.br\/index.php\/wp-json\/wp\/v2\/media?parent=7154"}],"wp:term":[{"taxonomy":"category","embeddable":true,"href":"https:\/\/www.oparanews.com.br\/index.php\/wp-json\/wp\/v2\/categories?post=7154"},{"taxonomy":"post_tag","embeddable":true,"href":"https:\/\/www.oparanews.com.br\/index.php\/wp-json\/wp\/v2\/tags?post=7154"}],"curies":[{"name":"wp","href":"https:\/\/api.w.org\/{rel}","templated":true}]}}