{"id":7162,"date":"2020-06-11T04:03:20","date_gmt":"2020-06-11T04:03:20","guid":{"rendered":"https:\/\/oparanews.com.br\/?p=7162"},"modified":"2020-06-11T04:03:20","modified_gmt":"2020-06-11T04:03:20","slug":"penedo-ja-tem-121-casos-confirmados-de-covid-19","status":"publish","type":"post","link":"https:\/\/www.oparanews.com.br\/index.php\/2020\/06\/11\/penedo-ja-tem-121-casos-confirmados-de-covid-19\/","title":{"rendered":"Penedo j\u00e1 tem 121 casos confirmados de Covid-19"},"content":{"rendered":"<p>O boletim epidemiol\u00f3gico divulgado pela Secretaria Municipal de Sa\u00fade (SEMS) nesta quarta-feira, 10 de junho, mostra o crescimento de casos confirmados da doen\u00e7a em Penedo.<\/p>\n<p><a href=\"https:\/\/oparanews.com.br\/wp-content\/uploads\/2020\/06\/aaaaaaaaaaaaaaaaaaaaaa-77.jpg\"><img loading=\"lazy\" decoding=\"async\" class=\"alignleft size-medium wp-image-7163\" src=\"https:\/\/oparanews.com.br\/wp-content\/uploads\/2020\/06\/aaaaaaaaaaaaaaaaaaaaaa-77-273x300.jpg\" alt=\"\" width=\"273\" height=\"300\" \/><\/a>Agora s\u00e3o 121, quatorze a mais do que a quantidade registrada no boletim de ter\u00e7a-feira, 09.<\/p>\n<p>J\u00e1 o registro de casos monitorados diminuiu, descendo de 230 para 222. Outra boa not\u00edcia \u00e9 o aumento de casos descartados, de 108 para 117.<\/p>\n<p>Ainda na compara\u00e7\u00e3o entre os dois boletins mais recentes de Covid-19 em Penedo, n\u00e3o houve altera\u00e7\u00e3o do n\u00famero de \u00f3bitos (03), de pessoas recuperadas (14) e de casos suspeitos (11).<\/p>\n<p><strong>Quadro por localidade<\/strong><\/p>\n<p>Como h\u00e1 mais pessoas infectadas pelo coronav\u00edrus em Penedo, a SEMS tamb\u00e9m atualiza o quadro informativo que indica as localidades das pessoas contaminadas.<\/p>\n<p><a href=\"https:\/\/oparanews.com.br\/wp-content\/uploads\/2020\/06\/aaaaaaaaaaaaaaaaaaaaaa-79.jpg\"><img loading=\"lazy\" decoding=\"async\" class=\"alignleft size-medium wp-image-7165\" src=\"https:\/\/oparanews.com.br\/wp-content\/uploads\/2020\/06\/aaaaaaaaaaaaaaaaaaaaaa-79-273x300.jpg\" alt=\"\" width=\"273\" height=\"300\" \/><\/a>O bairro Dom Constantino concentra a maior quantidade de casos confirmados, com 27. Logo depois, o Santa Luzia \u2013 popular Barro Duro \u2013 registra 23. O Centro da cidade tem 16 e o tradicional Oiteiro (Bairro Senhor do Bonfim) est\u00e1 com 14, mesmo n\u00famero da comunidade Palmeira Alta, povoado que lidera a estat\u00edstica de Covid-19 na zona rural de Penedo.<\/p>\n<p><strong>Por Fernando Vin\u00edcius \u2013 Decom PMP<\/strong><\/p>\n<p>&nbsp;<\/p>\n","protected":false},"excerpt":{"rendered":"<p>O boletim epidemiol\u00f3gico divulgado pela Secretaria Municipal de Sa\u00fade (SEMS) nesta quarta-feira, 10 de junho, mostra o crescimento de casos confirmados da doen\u00e7a em Penedo. Agora s\u00e3o 121, quatorze a mais do que a quantidade registrada no boletim de ter\u00e7a-feira, 09. J\u00e1 o registro de casos monitorados diminuiu, descendo de 230 para 222. Outra boa &hellip;<\/p>\n","protected":false},"author":1,"featured_media":7164,"comment_status":"open","ping_status":"open","sticky":false,"template":"","format":"standard","meta":{"_jetpack_newsletter_access":"","_jetpack_dont_email_post_to_subs":false,"_jetpack_newsletter_tier_id":0,"_jetpack_memberships_contains_paywalled_content":false,"_jetpack_memberships_contains_paid_content":false,"footnotes":""},"categories":[1],"tags":[],"class_list":["post-7162","post","type-post","status-publish","format-standard","has-post-thumbnail","hentry","category-destaque"],"jetpack_sharing_enabled":true,"jetpack_featured_media_url":"","_links":{"self":[{"href":"https:\/\/www.oparanews.com.br\/index.php\/wp-json\/wp\/v2\/posts\/7162","targetHints":{"allow":["GET"]}}],"collection":[{"href":"https:\/\/www.oparanews.com.br\/index.php\/wp-json\/wp\/v2\/posts"}],"about":[{"href":"https:\/\/www.oparanews.com.br\/index.php\/wp-json\/wp\/v2\/types\/post"}],"author":[{"embeddable":true,"href":"https:\/\/www.oparanews.com.br\/index.php\/wp-json\/wp\/v2\/users\/1"}],"replies":[{"embeddable":true,"href":"https:\/\/www.oparanews.com.br\/index.php\/wp-json\/wp\/v2\/comments?post=7162"}],"version-history":[{"count":0,"href":"https:\/\/www.oparanews.com.br\/index.php\/wp-json\/wp\/v2\/posts\/7162\/revisions"}],"wp:attachment":[{"href":"https:\/\/www.oparanews.com.br\/index.php\/wp-json\/wp\/v2\/media?parent=7162"}],"wp:term":[{"taxonomy":"category","embeddable":true,"href":"https:\/\/www.oparanews.com.br\/index.php\/wp-json\/wp\/v2\/categories?post=7162"},{"taxonomy":"post_tag","embeddable":true,"href":"https:\/\/www.oparanews.com.br\/index.php\/wp-json\/wp\/v2\/tags?post=7162"}],"curies":[{"name":"wp","href":"https:\/\/api.w.org\/{rel}","templated":true}]}}