{"id":7167,"date":"2020-06-11T04:17:05","date_gmt":"2020-06-11T04:17:05","guid":{"rendered":"https:\/\/oparanews.com.br\/?p=7167"},"modified":"2020-06-11T04:17:05","modified_gmt":"2020-06-11T04:17:05","slug":"novo-decreto-prorroga-isolamento-ate-22-de-junho-em-alagoas","status":"publish","type":"post","link":"https:\/\/www.oparanews.com.br\/index.php\/2020\/06\/11\/novo-decreto-prorroga-isolamento-ate-22-de-junho-em-alagoas\/","title":{"rendered":"Novo decreto prorroga isolamento at\u00e9 22 de junho em Alagoas"},"content":{"rendered":"<p>As medidas de isolamento social para preven\u00e7\u00e3o ao novo coronav\u00edrus foram prorrogadas em Alagoas at\u00e9 22 de junho. A partir dessa data, Estado e munic\u00edpios v\u00e3o come\u00e7ar a retomada gradativa do setor produtivo. A informa\u00e7\u00e3o foi divulgada pelo governador Renan Filho (MDB) e pelo prefeito de Macei\u00f3, Rui Palmeira (sem partido), durante entrevista coletiva online nesta quarta-feira (10), \u00faltimo dia de validade do decreto de emerg\u00eancia anterior.<\/p>\n<p>&#8220;N\u00f3s vamos prorrogar o decreto de distanciamento social at\u00e9 o dia 22 do m\u00eas de junho. Com essa prorroga\u00e7\u00e3o, vamos criar espa\u00e7o para uma mudan\u00e7a importante, que \u00e9 finalizar a discuss\u00e3o com o setor produtivo, com as igrejas, com os representantes da \u00e1rea educacional, para que a gente possa iniciar em Alagoas, em discuss\u00e3o pr\u00f3xima com os munic\u00edpios, um novo momento que ser\u00e1 o distanciamento social controlado&#8221;, disse Renan Filho.<\/p>\n<p>O governador ressaltou, por\u00e9m, que \u00e9 importante mais esse prazo para que o planejamento da retomada das atividades seja conclu\u00eddo. &#8220;A partir do dia 22 n\u00f3s vamos iniciar gradativamente a reabertura do setor produtivo em Alagoas, mas precisamos desse prazo&#8221;.<\/p>\n<p>Essa reabertura deve acontecer em 4 etapas, sendo a \u00faltima com data prevista para 3 de agosto (clique aqui para ver os detalhes e todas as datas).<\/p>\n<p>Tanto o governador quanto o prefeito de Macei\u00f3 justificaram a decis\u00e3o com o argumento de que h\u00e1 uma queda na procura por atendimento nas unidades de sa\u00fade voltadas para casos suspeitos e confirmados de Covid-19 e outras s\u00edndromes gripais.<\/p>\n<p>\u201cA prefeitura inaugurou as quatro unidades de atendimento voltadas para as s\u00edndromes gripais, e a procura pelo atendimento nelas caiu. Ent\u00e3o, at\u00e9 o dia 22 n\u00f3s vamos nos preparar para retomar de maneira paulatina, segura, pra n\u00e3o ter que voltar atr\u00e1s, que \u00e9 o que a gente tem visto em outras cidades do Brasil\u201d, destacou Rui Palmeira.<\/p>\n<p>O governador reconheceu que existe subnotifica\u00e7\u00e3o, j\u00e1 que muita gente pode estar infectada e n\u00e3o sabe, por n\u00e3o ter sintomas ou por n\u00e3o ter feito o teste, mas que outros fatores d\u00e3o seguran\u00e7a para a decis\u00e3o de reabertura dos setores econ\u00f4micos.<\/p>\n<p>\u201cSubnotifica\u00e7\u00e3o \u00e9 levada em considera\u00e7\u00e3o. A gente tem um n\u00famero de testes que confirmam os casos, mas n\u00e3o temos um n\u00famero exato. N\u00f3s temos alguns n\u00fameros que s\u00e3o definitivos, como por exemplo a demanda por UTIs, como o n\u00famero de mortes que a gente vem observando em queda, esses n\u00fameros s\u00e3o mais significativos que a quantidade exata de casos confirmados\u201d, afirmou Renan Filho.<\/p>\n<p>A diferen\u00e7a nessas datas \u00e9 apenas para aulas em todas as escolas, particulares e p\u00fablicas, e o servi\u00e7o p\u00fablico presencial no governo estadual, que ficam suspensos at\u00e9 o dia 30 de junho.<\/p>\n<p>As novas medidas passam a valer a partir de 0h01 de quinta (11). O novo decreto vai ser publicado no Di\u00e1rio Oficial do Estado (DOE).<\/p>\n<p>O decreto mant\u00e9m aten\u00e7\u00e3o especial da fiscaliza\u00e7\u00e3o na regi\u00e3o metropolitana de Macei\u00f3 e na regi\u00e3o Agreste, onde os casos confirmados e mortes t\u00eam aumentado de forma preocupante. O patrulhamento e as abordagens identificam casos de desobedi\u00eancia e de descumprimento \u00e0s medidas restritivas de circula\u00e7\u00e3o e atividades comerciais.<\/p>\n<p>As multas para quem descumprir as medidas podem variar entre R$ 5 mil (pessoa f\u00edsica) e R$ 50 mil (pessoa jur\u00eddica) por dia. A popula\u00e7\u00e3o poder\u00e1 fazer den\u00fancias atrav\u00e9s dos n\u00fameros 181 ou 190, em casos de flagrantes.<\/p>\n<p>Veja as medidas mantidas no decreto de emerg\u00eancia<\/p>\n<p>Permanecem fechados os seguintes estabelecimentos:<\/p>\n<p>bares, restaurantes, lanchonetes e estabelecimentos cong\u00eaneres;<br \/>\nmuseus, cinemas e outros equipamentos culturais, p\u00fablicos e privados;<br \/>\ntemplos, igrejas e demais institui\u00e7\u00f5es religiosas, permitindo seu funcionamento interno;<br \/>\nacademias, clubes, centros de gin\u00e1stica e estabelecimentos similares;<br \/>\nlojas ou estabelecimentos que pratiquem o com\u00e9rcio ou servi\u00e7os de natureza privada;<br \/>\nshoppings centers, galerias, centros comerciais e estabelecimentos cong\u00eaneres, salvo supermercados, farm\u00e1cias e locais que prestem servi\u00e7os de sa\u00fade no interior dos referidos estabelecimentos;<br \/>\neventos e exposi\u00e7\u00f5es;<br \/>\nqualquer atividade de com\u00e9rcio nas ruas, praias, lagoas, rios e piscinas p\u00fablicas, pra\u00e7as ou outros locais de uso coletivo e que promovam a aglomera\u00e7\u00e3o de pessoas, como bancas e barracas de vendas de alimentos nos logradouros p\u00fablicos;<br \/>\nopera\u00e7\u00e3o do servi\u00e7o de transporte rodovi\u00e1rio intermunicipal de passageiros, regular e complementar, bem como os servi\u00e7os de receptivos.<br \/>\no acesso as praias, ao cal\u00e7ad\u00e3o das avenidas beira-mar, a beira rio, a lagoas e pra\u00e7as, para pr\u00e1tica de qualquer atividade;<br \/>\na perman\u00eancia das pessoas em ruas e logradouros p\u00fablicos (pra\u00e7as, alamedas, entre outros), para evitar aglomera\u00e7\u00f5es, nesse sentido devendo ser interrompidas reuni\u00f5es para pr\u00e1tica de quaisquer atividades sociais, esportivas ou culturais, ressalvando o direito de ir e vir da popula\u00e7\u00e3o, desde que estejam utilizando m\u00e1scaras;<br \/>\no estacionamento de ve\u00edculos nas ruas, faixas beira-mar, beira rio, lagoas e pra\u00e7as, ressalvando a situa\u00e7\u00e3o das pessoas com resid\u00eancia em torno dos locais mencionados, al\u00e9m dos estabelecimentos que n\u00e3o estejam com seu funcionamento suspenso.<\/p>\n<p>Estabelecimentos como padarias, lojas de conveni\u00eancia, supermercados, a\u00e7ougues, peixarias e estabelecimentos de alimentos funcionais e suplementos podem funcionar. Nestes casos, continua proibido o consumo de alimentos no interior desses locais.<\/p>\n<p>Bares, restaurantes, lanchonetes e estabelecimentos similares que funcionem no interior de hot\u00e9is, pousadas, hospitais, cl\u00ednicas e postos de combust\u00edveis podem permanecer com atendimento apenas para p\u00fablico interno.<\/p>\n<p>J\u00e1 os restaurantes e lanchonetes poder\u00e3o continuar funcionando com servi\u00e7os de entrega, inclusive por aplicativo, e na modalidade \u201cPegue e Leve\u201d, sendo expressamente proibido o consumo no local.<\/p>\n<p>\u00c9 permitido o funcionamento:<\/p>\n<p>\u00f3rg\u00e3os de imprensa e meios de comunica\u00e7\u00e3o e telecomunica\u00e7\u00e3o em geral;<br \/>\nservi\u00e7o de call center;<br \/>\nestabelecimentos m\u00e9dicos e odontol\u00f3gicos, hospitalares, laborat\u00f3rios de an\u00e1lises cl\u00ednicas, farmac\u00eauticos, cl\u00ednicas de fisioterapia e de vacina\u00e7\u00e3o, psic\u00f3logos, terapia ocupacional, fonoaudi\u00f3logos, para servi\u00e7os de emerg\u00eancia ou consulta com hora marcada, e as \u00f3ticas;<br \/>\ndistribuidoras e revendedoras de \u00e1gua e g\u00e1s;<br \/>\ndistribuidores de energia el\u00e9trica;<br \/>\nservi\u00e7os de telecomunica\u00e7\u00f5es;<br \/>\nseguran\u00e7a privada;<br \/>\npostos de combust\u00edveis;<br \/>\nfuner\u00e1rias;<br \/>\nestabelecimentos banc\u00e1rios e lot\u00e9ricas;<br \/>\ncl\u00ednicas veterin\u00e1rias e lojas de produtos para animais, lojas de plantas, servi\u00e7os de jardinagem e lojas de defensivos e insumos agr\u00edcolas e animais;<br \/>\nlojas de material de constru\u00e7\u00e3o e preven\u00e7\u00e3o de inc\u00eandio;<br \/>\nind\u00fastrias, bem como os respectivos fornecedores e distribuidores;<br \/>\nlavanderias, lojas e estabelecimentos de produtos sanitizantes e de limpeza, e demais do segmento vinculado a \u00e1rea de limpeza<br \/>\noficinas mec\u00e2nicas, lojas de autope\u00e7as, e estabelecimentos de higieniza\u00e7\u00e3o veicular, com hora marcada e sem aglomera\u00e7\u00e3o de pessoas;<br \/>\npapelarias, bancas de revistas e livrarias;<br \/>\nestabelecimento de profissionais liberais (arquitetos, advogados, contadores, corretores de im\u00f3veis, economistas, administradores, corretores de seguros, publicit\u00e1rios, entre outros), desde que ocorra com hora marcada e sem aglomera\u00e7\u00e3o de pessoas e disponibiliza\u00e7\u00e3o de \u00e1lcool gel 70% (setenta por cento) para clientes e funcion\u00e1rios;<br \/>\nconcession\u00e1rias e revendedoras, de carros e motos, seguindo as normas estabelecidas pelo Departamento Estadual de Tr\u00e2nsito \u2013 DETRAN\/AL, por meio de portaria de seu Diretor Presidente;<br \/>\nlojas de tecidos e aviamentos, facilitando a fabrica\u00e7\u00e3o de m\u00e1scaras.<\/p>\n<p>&nbsp;<\/p>\n<p><strong>Fonte: G1\/AL<\/strong><\/p>\n<p>&nbsp;<\/p>\n","protected":false},"excerpt":{"rendered":"<p>As medidas de isolamento social para preven\u00e7\u00e3o ao novo coronav\u00edrus foram prorrogadas em Alagoas at\u00e9 22 de junho. A partir dessa data, Estado e munic\u00edpios v\u00e3o come\u00e7ar a retomada gradativa do setor produtivo. A informa\u00e7\u00e3o foi divulgada pelo governador Renan Filho (MDB) e pelo prefeito de Macei\u00f3, Rui Palmeira (sem partido), durante entrevista coletiva online &hellip;<\/p>\n","protected":false},"author":1,"featured_media":7168,"comment_status":"open","ping_status":"open","sticky":false,"template":"","format":"standard","meta":{"_jetpack_newsletter_access":"","_jetpack_dont_email_post_to_subs":false,"_jetpack_newsletter_tier_id":0,"_jetpack_memberships_contains_paywalled_content":false,"_jetpack_memberships_contains_paid_content":false,"footnotes":""},"categories":[1],"tags":[],"class_list":["post-7167","post","type-post","status-publish","format-standard","has-post-thumbnail","hentry","category-destaque"],"jetpack_sharing_enabled":true,"jetpack_featured_media_url":"","_links":{"self":[{"href":"https:\/\/www.oparanews.com.br\/index.php\/wp-json\/wp\/v2\/posts\/7167","targetHints":{"allow":["GET"]}}],"collection":[{"href":"https:\/\/www.oparanews.com.br\/index.php\/wp-json\/wp\/v2\/posts"}],"about":[{"href":"https:\/\/www.oparanews.com.br\/index.php\/wp-json\/wp\/v2\/types\/post"}],"author":[{"embeddable":true,"href":"https:\/\/www.oparanews.com.br\/index.php\/wp-json\/wp\/v2\/users\/1"}],"replies":[{"embeddable":true,"href":"https:\/\/www.oparanews.com.br\/index.php\/wp-json\/wp\/v2\/comments?post=7167"}],"version-history":[{"count":0,"href":"https:\/\/www.oparanews.com.br\/index.php\/wp-json\/wp\/v2\/posts\/7167\/revisions"}],"wp:attachment":[{"href":"https:\/\/www.oparanews.com.br\/index.php\/wp-json\/wp\/v2\/media?parent=7167"}],"wp:term":[{"taxonomy":"category","embeddable":true,"href":"https:\/\/www.oparanews.com.br\/index.php\/wp-json\/wp\/v2\/categories?post=7167"},{"taxonomy":"post_tag","embeddable":true,"href":"https:\/\/www.oparanews.com.br\/index.php\/wp-json\/wp\/v2\/tags?post=7167"}],"curies":[{"name":"wp","href":"https:\/\/api.w.org\/{rel}","templated":true}]}}