{"id":7173,"date":"2020-06-11T04:25:38","date_gmt":"2020-06-11T04:25:38","guid":{"rendered":"https:\/\/oparanews.com.br\/?p=7173"},"modified":"2020-06-11T04:25:38","modified_gmt":"2020-06-11T04:25:38","slug":"roger-federer-anuncia-que-nao-joga-mais-em-2020","status":"publish","type":"post","link":"https:\/\/www.oparanews.com.br\/index.php\/2020\/06\/11\/roger-federer-anuncia-que-nao-joga-mais-em-2020\/","title":{"rendered":"Roger Federer anuncia que n\u00e3o joga mais em 2020"},"content":{"rendered":"<p>Roger Federer n\u00e3o vai mais entrar em quadra em 2020. Nesta quarta-feira (10), o tenista anunciou em seu perfil oficial do Twitter que precisou de nova cirurgia no joelho direito, que j\u00e1 tinha sido operado em fevereiro, e vai aproveitar o restante do ano para se condicionar.<\/p>\n<p>O atual n\u00famero quatro do mundo anunciou no in\u00edcio do ano que sentia inc\u00f4modos no joelho e, ap\u00f3s exames e discuss\u00f5es com sua equipe, passou por uma artroscopia na Sui\u00e7a. Com isso, Federer j\u00e1 ficaria de fora de Roland Garros, al\u00e9m dos torneios do circuito profissional da ATP de Bogot\u00e1, Indian Wells e Miami.<\/p>\n<p>A expectativa era de que o su\u00ed\u00e7o de 38 anos retornasse \u00e0s quadras para a temporada de grama, por\u00e9m, a recupera\u00e7\u00e3o do tenista n\u00e3o foi como a esperada e seu pr\u00f3prio t\u00e9cnico, Severin Luthi, admitiu que o processo estava sendo lento, e Federer s\u00f3 voltaria \u00e0s quadras em setembro.<\/p>\n<p>Entretanto, o tenista utilizou hoje (10) o Twitter para encerrar as expectativas.<\/p>\n<p>\u201cAlgumas semanas atr\u00e1s, depois de sofrer um rev\u00e9s durante minha reabilita\u00e7\u00e3o inicial, tive que fazer um r\u00e1pido procedimento artrosc\u00f3pico adicional no joelho direito. Agora, como eu fiz antes da temporada de 2017, planejo aproveitar o tempo necess\u00e1rio para estar 100% pronto para jogar no meu n\u00edvel mais alto. Sentirei muito a falta dos meus f\u00e3s e do circuito, mas farei o poss\u00edvel para ver todos novamente no circuito no in\u00edcio da temporada de 2021\u201d.<\/p>\n<p>Em 2016, Roger Federer ficou seis meses longe das quadras para se recuperar de uma artroscopia no joelho esquerdo, reparando um rompimento no menisco. No ano seguinte, o su\u00ed\u00e7o conquistou o Australian Open, os Masters 1000 de Miami, Indians Wells e Xangai, al\u00e9m de ter vencido Wimbledon sem perder um set sequer.<\/p>\n<p><strong>Fonte: Ag\u00eancia Brasil<\/strong><\/p>\n<p>&nbsp;<\/p>\n","protected":false},"excerpt":{"rendered":"<p>Roger Federer n\u00e3o vai mais entrar em quadra em 2020. Nesta quarta-feira (10), o tenista anunciou em seu perfil oficial do Twitter que precisou de nova cirurgia no joelho direito, que j\u00e1 tinha sido operado em fevereiro, e vai aproveitar o restante do ano para se condicionar. O atual n\u00famero quatro do mundo anunciou no &hellip;<\/p>\n","protected":false},"author":1,"featured_media":7174,"comment_status":"open","ping_status":"open","sticky":false,"template":"","format":"standard","meta":{"_jetpack_newsletter_access":"","_jetpack_dont_email_post_to_subs":false,"_jetpack_newsletter_tier_id":0,"_jetpack_memberships_contains_paywalled_content":false,"_jetpack_memberships_contains_paid_content":false,"footnotes":""},"categories":[1],"tags":[],"class_list":["post-7173","post","type-post","status-publish","format-standard","has-post-thumbnail","hentry","category-destaque"],"jetpack_sharing_enabled":true,"jetpack_featured_media_url":"","_links":{"self":[{"href":"https:\/\/www.oparanews.com.br\/index.php\/wp-json\/wp\/v2\/posts\/7173","targetHints":{"allow":["GET"]}}],"collection":[{"href":"https:\/\/www.oparanews.com.br\/index.php\/wp-json\/wp\/v2\/posts"}],"about":[{"href":"https:\/\/www.oparanews.com.br\/index.php\/wp-json\/wp\/v2\/types\/post"}],"author":[{"embeddable":true,"href":"https:\/\/www.oparanews.com.br\/index.php\/wp-json\/wp\/v2\/users\/1"}],"replies":[{"embeddable":true,"href":"https:\/\/www.oparanews.com.br\/index.php\/wp-json\/wp\/v2\/comments?post=7173"}],"version-history":[{"count":0,"href":"https:\/\/www.oparanews.com.br\/index.php\/wp-json\/wp\/v2\/posts\/7173\/revisions"}],"wp:attachment":[{"href":"https:\/\/www.oparanews.com.br\/index.php\/wp-json\/wp\/v2\/media?parent=7173"}],"wp:term":[{"taxonomy":"category","embeddable":true,"href":"https:\/\/www.oparanews.com.br\/index.php\/wp-json\/wp\/v2\/categories?post=7173"},{"taxonomy":"post_tag","embeddable":true,"href":"https:\/\/www.oparanews.com.br\/index.php\/wp-json\/wp\/v2\/tags?post=7173"}],"curies":[{"name":"wp","href":"https:\/\/api.w.org\/{rel}","templated":true}]}}