{"id":7179,"date":"2020-06-11T04:29:26","date_gmt":"2020-06-11T04:29:26","guid":{"rendered":"https:\/\/oparanews.com.br\/?p=7179"},"modified":"2020-06-11T04:29:26","modified_gmt":"2020-06-11T04:29:26","slug":"reabertura-dos-setores-produtivos-de-alagoas-deve-acontecer-em-quatro-etapas","status":"publish","type":"post","link":"https:\/\/www.oparanews.com.br\/index.php\/2020\/06\/11\/reabertura-dos-setores-produtivos-de-alagoas-deve-acontecer-em-quatro-etapas\/","title":{"rendered":"Reabertura dos setores produtivos de Alagoas deve acontecer em quatro etapas"},"content":{"rendered":"<p>Um documento compartilhado nas redes sociais nesta quarta-feira (10) mostra uma previs\u00e3o de datas e fases para retomadas das atividades econ\u00f4micas em 4 etapas em Alagoas. O &#8220;Protocolo Sanit\u00e1rio e Distanciamento Social Controlado&#8221; \u00e9 o planejamento apresentado pelo Governo do Estado ao setores da economia, mas que pode sofrer altera\u00e7\u00f5es at\u00e9 o dia 15 de junho, data em que deve ser apresentado o planejamento final para reabertura, como informou o governador Renan Filho (MDB) ao anunciar a prorroga\u00e7\u00e3o das medidas de isolamento at\u00e9 o dia 22.<\/p>\n<p>No documento, que n\u00e3o foi divulgado oficialmente pelo Estado, h\u00e1 a previs\u00e3o de que sal\u00f5es de beleza, barbearias e igrejas sejam os primeiros a retomar as atividades, mas com capacidade reduzida de atendimento, al\u00e9m de lojas ou estabelecimentos de rua com at\u00e9 400 m\u00b2, exceto os que funcionam em shoppings e galerias, que s\u00f3 seriam permitidos a partir de 6 de julho.<\/p>\n<p>Sem mencionar cada data, o governador citou, em entrevista ao AL1 nesta tarde, as fases previstas para reabertura. &#8220;As primeiras fases permitir\u00e3o a abertura daqueles segmentos que causam o menor impacto e, a partir da\u00ed, a gente vai sentindo a realidade e ajustando as fases. S\u00e3o cinco fases, cada uma delas de 10 a 15 dias de dist\u00e2ncia de uma para a outra, e n\u00f3s estamos na primeira fase, a fase vermelha, at\u00e9 o dia 22. Se der tudo certo e a curva continuar caindo, a gente vai iniciar a fase laranja, depois a fase amarela, depois a fase azul e, por fim, a fase verde, que ser\u00e1 o novo normal&#8221;, disse.<\/p>\n<p>Os \u00faltimos a retornarem \u00e0s atividades seriam escolas, faculdades e demais institui\u00e7\u00f5es de ensino, com aulas presenciais sendo permitidas somente a partir de 3 de agosto.<\/p>\n<p>Um protocolo semelhante j\u00e1 tinha sido apresentado aos empres\u00e1rios no dia 2 de junho, mas sofreu algumas mudan\u00e7as. O mesmo pode acontecer com o protocolo mais recente.<\/p>\n<p>Para cada fase descrita no &#8220;Protocolo Sanit\u00e1rio e Distanciamento Social Controlado&#8221;, foram estabelecidas regras sanit\u00e1rias que devem ser seguidas pelos setores ao reabrirem. Entre as principais est\u00e3o uso obrigat\u00f3rio de m\u00e1scara em todas as fases, atendimento exclusivamente mediante agendamento para sal\u00f5es de beleza e barbearias na fase laranja, n\u00e3o promover evento de reabertura do shopping, que ter\u00e1 autoriza\u00e7\u00e3o para funcionar na fase amarela, e limite da quantidade de clientes em academias, autorizadas apenas na fase azul.<\/p>\n<p>Veja abaixo a previs\u00e3o de fases com datas e segmentos autorizados \u00e0 reabertura<\/p>\n<p>22 de junho (fase laranja)<\/p>\n<p>Lojas ou estabelecimentos de rua com at\u00e9 400m\u00b2 que pratiquem o com\u00e9rcio ou servi\u00e7os de natureza privada. J\u00e1 os shoppings centers, galerias e centro comerciais continuam fechados<br \/>\nSal\u00f5es de beleza e barbearias com quadro de funcion\u00e1rios reduzido em 50%<br \/>\nTemplos, igrejas e demais institui\u00e7\u00f5es religiosas com 30% de sua capacidade<\/p>\n<p>6 de julho (fase amarela)<\/p>\n<p>Shoppings centers, galerias e centros comerciais<br \/>\nBares e restaurantes funcionando com 50% de sua capacidade<br \/>\nTemplos, igrejas e demais institui\u00e7\u00f5es religiosas com 60% de sua capacidade<br \/>\nTransporte intermunicipal com 50% de sua capacidade<br \/>\nReceptivos e transportadoras tur\u00edsticas com 50% de sua capacidade<\/p>\n<p>20 de julho (fase azul)<\/p>\n<p>Cinemas, teatros e museus com 33% da capacidade<br \/>\nAcademias, clubes, centros de gin\u00e1stica com capacidade reduzida em 50%<br \/>\nBares, restaurantes e atividades cong\u00eaneres com 75% da capacidade<br \/>\nReceptivos e transportadoras tur\u00edsticas com 70% da capacidade<br \/>\nTemplos, igrejas e demais institui\u00e7\u00f5es religiosas com 75% de sua capacidade<br \/>\nTransporte intermunicipal com 75% de sua capacidade<\/p>\n<p>3 de agosto (fase verde) &#8211; com capacidade total de funcionamento<\/p>\n<p>Shoppings centers, galerias, centros comerciais<br \/>\nCinema, teatro e museu<br \/>\nInstitui\u00e7\u00f5es de ensino em geral<br \/>\nAcademias, clubes, centros de gin\u00e1stica e estabelecimentos<br \/>\nBares, restaurantes, barracas de praia e atividades cong\u00eaneres<br \/>\nReceptivos e transportadoras tur\u00edsticas<br \/>\nTemplos, igrejas e demais institui\u00e7\u00f5es religiosas<br \/>\nTransporte intermunicipal<br \/>\nCafeterias e lanchonetes de postos de combust\u00edveis<\/p>\n<p>&nbsp;<\/p>\n<p><strong>Fonte: G1\/AL<\/strong><\/p>\n<p>&nbsp;<\/p>\n","protected":false},"excerpt":{"rendered":"<p>Um documento compartilhado nas redes sociais nesta quarta-feira (10) mostra uma previs\u00e3o de datas e fases para retomadas das atividades econ\u00f4micas em 4 etapas em Alagoas. O &#8220;Protocolo Sanit\u00e1rio e Distanciamento Social Controlado&#8221; \u00e9 o planejamento apresentado pelo Governo do Estado ao setores da economia, mas que pode sofrer altera\u00e7\u00f5es at\u00e9 o dia 15 de &hellip;<\/p>\n","protected":false},"author":1,"featured_media":7180,"comment_status":"open","ping_status":"open","sticky":false,"template":"","format":"standard","meta":{"_jetpack_newsletter_access":"","_jetpack_dont_email_post_to_subs":false,"_jetpack_newsletter_tier_id":0,"_jetpack_memberships_contains_paywalled_content":false,"_jetpack_memberships_contains_paid_content":false,"footnotes":""},"categories":[1],"tags":[],"class_list":["post-7179","post","type-post","status-publish","format-standard","has-post-thumbnail","hentry","category-destaque"],"jetpack_sharing_enabled":true,"jetpack_featured_media_url":"","_links":{"self":[{"href":"https:\/\/www.oparanews.com.br\/index.php\/wp-json\/wp\/v2\/posts\/7179","targetHints":{"allow":["GET"]}}],"collection":[{"href":"https:\/\/www.oparanews.com.br\/index.php\/wp-json\/wp\/v2\/posts"}],"about":[{"href":"https:\/\/www.oparanews.com.br\/index.php\/wp-json\/wp\/v2\/types\/post"}],"author":[{"embeddable":true,"href":"https:\/\/www.oparanews.com.br\/index.php\/wp-json\/wp\/v2\/users\/1"}],"replies":[{"embeddable":true,"href":"https:\/\/www.oparanews.com.br\/index.php\/wp-json\/wp\/v2\/comments?post=7179"}],"version-history":[{"count":0,"href":"https:\/\/www.oparanews.com.br\/index.php\/wp-json\/wp\/v2\/posts\/7179\/revisions"}],"wp:attachment":[{"href":"https:\/\/www.oparanews.com.br\/index.php\/wp-json\/wp\/v2\/media?parent=7179"}],"wp:term":[{"taxonomy":"category","embeddable":true,"href":"https:\/\/www.oparanews.com.br\/index.php\/wp-json\/wp\/v2\/categories?post=7179"},{"taxonomy":"post_tag","embeddable":true,"href":"https:\/\/www.oparanews.com.br\/index.php\/wp-json\/wp\/v2\/tags?post=7179"}],"curies":[{"name":"wp","href":"https:\/\/api.w.org\/{rel}","templated":true}]}}