{"id":7203,"date":"2020-06-12T17:30:44","date_gmt":"2020-06-12T17:30:44","guid":{"rendered":"https:\/\/oparanews.com.br\/?p=7203"},"modified":"2020-06-12T17:30:44","modified_gmt":"2020-06-12T17:30:44","slug":"mulher-e-presa-com-15-kg-de-cocaina-na-cidade-universitaria","status":"publish","type":"post","link":"https:\/\/www.oparanews.com.br\/index.php\/2020\/06\/12\/mulher-e-presa-com-15-kg-de-cocaina-na-cidade-universitaria\/","title":{"rendered":"Mulher \u00e9 presa com 1,5 kg de coca\u00edna na Cidade Universit\u00e1ria"},"content":{"rendered":"<p>Uma mulher foi presa na noite de quinta-feira (11) com 1,5 kg de coca\u00edna no Residencial Colina dos Eucaliptos, na Cidade Universit\u00e1ria, em Macei\u00f3.<\/p>\n<p>De acordo com a pol\u00edcia, al\u00e9m da droga a mulher estava com duas balan\u00e7as de precis\u00e3o.<\/p>\n<p>A suspeita e o material apreendido foram levados para Central de Flagrantes I, no bairro do Farol, onde ele foi autuada por tr\u00e1fico de drogas.<\/p>\n<p><strong>Fonte: G1\/AL<\/strong><\/p>\n<p>&nbsp;<\/p>\n","protected":false},"excerpt":{"rendered":"<p>Uma mulher foi presa na noite de quinta-feira (11) com 1,5 kg de coca\u00edna no Residencial Colina dos Eucaliptos, na Cidade Universit\u00e1ria, em Macei\u00f3. De acordo com a pol\u00edcia, al\u00e9m da droga a mulher estava com duas balan\u00e7as de precis\u00e3o. A suspeita e o material apreendido foram levados para Central de Flagrantes I, no bairro &hellip;<\/p>\n","protected":false},"author":1,"featured_media":7204,"comment_status":"open","ping_status":"open","sticky":false,"template":"","format":"standard","meta":{"_jetpack_newsletter_access":"","_jetpack_dont_email_post_to_subs":false,"_jetpack_newsletter_tier_id":0,"_jetpack_memberships_contains_paywalled_content":false,"_jetpack_memberships_contains_paid_content":false,"footnotes":""},"categories":[1],"tags":[],"class_list":["post-7203","post","type-post","status-publish","format-standard","has-post-thumbnail","hentry","category-destaque"],"jetpack_sharing_enabled":true,"jetpack_featured_media_url":"","_links":{"self":[{"href":"https:\/\/www.oparanews.com.br\/index.php\/wp-json\/wp\/v2\/posts\/7203","targetHints":{"allow":["GET"]}}],"collection":[{"href":"https:\/\/www.oparanews.com.br\/index.php\/wp-json\/wp\/v2\/posts"}],"about":[{"href":"https:\/\/www.oparanews.com.br\/index.php\/wp-json\/wp\/v2\/types\/post"}],"author":[{"embeddable":true,"href":"https:\/\/www.oparanews.com.br\/index.php\/wp-json\/wp\/v2\/users\/1"}],"replies":[{"embeddable":true,"href":"https:\/\/www.oparanews.com.br\/index.php\/wp-json\/wp\/v2\/comments?post=7203"}],"version-history":[{"count":0,"href":"https:\/\/www.oparanews.com.br\/index.php\/wp-json\/wp\/v2\/posts\/7203\/revisions"}],"wp:attachment":[{"href":"https:\/\/www.oparanews.com.br\/index.php\/wp-json\/wp\/v2\/media?parent=7203"}],"wp:term":[{"taxonomy":"category","embeddable":true,"href":"https:\/\/www.oparanews.com.br\/index.php\/wp-json\/wp\/v2\/categories?post=7203"},{"taxonomy":"post_tag","embeddable":true,"href":"https:\/\/www.oparanews.com.br\/index.php\/wp-json\/wp\/v2\/tags?post=7203"}],"curies":[{"name":"wp","href":"https:\/\/api.w.org\/{rel}","templated":true}]}}