{"id":7206,"date":"2020-06-12T17:36:45","date_gmt":"2020-06-12T17:36:45","guid":{"rendered":"https:\/\/oparanews.com.br\/?p=7206"},"modified":"2020-06-12T17:36:45","modified_gmt":"2020-06-12T17:36:45","slug":"covid-19-formula-1-cancela-gps-do-azerbaijao-singapura-e-japao","status":"publish","type":"post","link":"https:\/\/www.oparanews.com.br\/index.php\/2020\/06\/12\/covid-19-formula-1-cancela-gps-do-azerbaijao-singapura-e-japao\/","title":{"rendered":"Covid-19: F\u00f3rmula 1 cancela GPs do Azerbaij\u00e3o, Singapura e Jap\u00e3o"},"content":{"rendered":"<p>Mais tr\u00eas provas do Circuito Mundial de F\u00f3rmula 1 deixar\u00e3o de acontecer na temporada deste ano por conta da pandemia do novo coronav\u00edrus (covid-19): Azerbaij\u00e3o, Singapura e Jap\u00e3o. O an\u00fancio foi feito na manh\u00e3 de hoje (12), pela organizadora do evento &#8211; F\u00f3rmula One Management &#8211; por meio de nota oficial. Agora, chega a 12 o n\u00famero de corridas afetadas pela inseguran\u00e7a sanit\u00e1ria em 2020.<\/p>\n<p>O Grande Pr\u00eamio (GP) do Azerbaij\u00e3o estava marcada para ocorrer em 7 de junho, mas inicialmente havia sido apenas adiada. Em comunicado, os organizadores da F1 explicaram que o cancelamento definitivo ocorreu por causa do tempo considerado curto para a constru\u00e7\u00e3o do circuito de rua. Pelo mesmo motivo, a disputa em Singapura, que estava agendada para 20 de setembro, foi extinta.<\/p>\n<p>Quanto ao GP do Jap\u00e3o, a nota esclarece que o cancelamento foi necess\u00e1rio devido \u00e0s medidas restritivas de viagens. Os japoneses receberiam a prova em 11 de outubro.<\/p>\n<p>De acordo com Ross Brawn, chefe de Automobilismo da F1, outros locais est\u00e3o sendo avaliados para serem inclu\u00eddos no calend\u00e1rio.<\/p>\n<p>&#8220;H\u00e1 v\u00e1rias pistas europeias boas em que podemos adicionar mais uma ou duas corridas para garantir uma temporada abrangente. N\u00e3o vamos declarar ainda, pois [a discuss\u00e3o] ainda est\u00e1 em andamento&#8221;.<\/p>\n<p><strong>Da \u00c1ustria a Abu Dhabi<\/strong><\/p>\n<p>Os organizadores do Campeonato Mundial de F\u00f3rmula 1 mant\u00eam o desejo de concluir entre 15 a 18 provas, das 22 programadas no planejamento inicial. At\u00e9 o momento, apenas oito GPs da fase europeia tiveram datas e locais divulgados. A abertura da atual temporada est\u00e1 programada para 5 de julho, no circuito de Spielberg, na \u00c1ustria. J\u00e1 a corrida de encerramento ocorrer\u00e1 no m\u00eas de dezembro, em Abu Dhabi, capital dos Emirados \u00c1rabes Unidos.<\/p>\n<p>Ao todo, 12 provas foram afetadas pela inseguran\u00e7a sanit\u00e1ria, sendo que 7 delas \u2013 Austr\u00e1lia (estreia), M\u00f4naco, Fran\u00e7a, Holanda, Azerbaij\u00e3o, Singapura e Jap\u00e3o &#8211; foram canceladas. J\u00e1 outras cinco corridas foram adiadas: Bahrein, Vietn\u00e3, China, Espanha e Canad\u00e1.<\/p>\n<p><strong>Fonte: Ag\u00eancia Brasil<\/strong><\/p>\n<p>&nbsp;<\/p>\n","protected":false},"excerpt":{"rendered":"<p>Mais tr\u00eas provas do Circuito Mundial de F\u00f3rmula 1 deixar\u00e3o de acontecer na temporada deste ano por conta da pandemia do novo coronav\u00edrus (covid-19): Azerbaij\u00e3o, Singapura e Jap\u00e3o. O an\u00fancio foi feito na manh\u00e3 de hoje (12), pela organizadora do evento &#8211; F\u00f3rmula One Management &#8211; por meio de nota oficial. Agora, chega a 12 &hellip;<\/p>\n","protected":false},"author":1,"featured_media":7207,"comment_status":"open","ping_status":"open","sticky":false,"template":"","format":"standard","meta":{"_jetpack_newsletter_access":"","_jetpack_dont_email_post_to_subs":false,"_jetpack_newsletter_tier_id":0,"_jetpack_memberships_contains_paywalled_content":false,"_jetpack_memberships_contains_paid_content":false,"footnotes":""},"categories":[1],"tags":[],"class_list":["post-7206","post","type-post","status-publish","format-standard","has-post-thumbnail","hentry","category-destaque"],"jetpack_sharing_enabled":true,"jetpack_featured_media_url":"","_links":{"self":[{"href":"https:\/\/www.oparanews.com.br\/index.php\/wp-json\/wp\/v2\/posts\/7206","targetHints":{"allow":["GET"]}}],"collection":[{"href":"https:\/\/www.oparanews.com.br\/index.php\/wp-json\/wp\/v2\/posts"}],"about":[{"href":"https:\/\/www.oparanews.com.br\/index.php\/wp-json\/wp\/v2\/types\/post"}],"author":[{"embeddable":true,"href":"https:\/\/www.oparanews.com.br\/index.php\/wp-json\/wp\/v2\/users\/1"}],"replies":[{"embeddable":true,"href":"https:\/\/www.oparanews.com.br\/index.php\/wp-json\/wp\/v2\/comments?post=7206"}],"version-history":[{"count":0,"href":"https:\/\/www.oparanews.com.br\/index.php\/wp-json\/wp\/v2\/posts\/7206\/revisions"}],"wp:attachment":[{"href":"https:\/\/www.oparanews.com.br\/index.php\/wp-json\/wp\/v2\/media?parent=7206"}],"wp:term":[{"taxonomy":"category","embeddable":true,"href":"https:\/\/www.oparanews.com.br\/index.php\/wp-json\/wp\/v2\/categories?post=7206"},{"taxonomy":"post_tag","embeddable":true,"href":"https:\/\/www.oparanews.com.br\/index.php\/wp-json\/wp\/v2\/tags?post=7206"}],"curies":[{"name":"wp","href":"https:\/\/api.w.org\/{rel}","templated":true}]}}