{"id":7215,"date":"2020-06-12T17:47:18","date_gmt":"2020-06-12T17:47:18","guid":{"rendered":"https:\/\/oparanews.com.br\/?p=7215"},"modified":"2020-06-12T17:47:18","modified_gmt":"2020-06-12T17:47:18","slug":"proporcao-da-populacao-com-anticorpos-aumenta-50-em-14-dias","status":"publish","type":"post","link":"https:\/\/www.oparanews.com.br\/index.php\/2020\/06\/12\/proporcao-da-populacao-com-anticorpos-aumenta-50-em-14-dias\/","title":{"rendered":"Propor\u00e7\u00e3o da popula\u00e7\u00e3o com anticorpos aumenta 50% em 14 dias"},"content":{"rendered":"<p>A propor\u00e7\u00e3o da popula\u00e7\u00e3o com anticorpos para o coronav\u00edrus aumentou em 50% em duas semanas, de acordo com estudo conduzido pela Universidade Federal de Pelotas (Ufpel) em mais de cem cidades de todos os Estados brasileiros. Os pesquisadores afirmam que o dado \u00e9 um indicativo de que o total de pessoas que j\u00e1 tiveram a doen\u00e7a no Brasil est\u00e1 na casa dos milh\u00f5es, e n\u00e3o dos milhares &#8211; oficialmente o Brasil tem 805 mil casos confirmados.<\/p>\n<p>Entre os dias 4 e 7 de junho, os pesquisadores conduziram a segunda fase do estudo por meio de 31,1 mil entrevistas e testes para o coronav\u00edrus. Em 120 cidades, o que incluiu 26 das 27 capitais, foram testadas ao menos 200 pessoas selecionadas por sorteio. Em 83 cidades, mais de 200 pessoas foram testadas nas duas fases do estudo.<\/p>\n<p>Nesses munic\u00edpios, a propor\u00e7\u00e3o da popula\u00e7\u00e3o com anticorpos aumentou de 1,7%, na fase 1, para 2,6%, na fase 2 (com varia\u00e7\u00f5es de 1,5% a 1,8% na fase 1 e de 2,4% a 2,8% na fase 2 pela margem de erro da pesquisa). Isso equivale a um aumento de 53%, o que os pesquisadores consideraram &#8220;estatisticamente significativo&#8221; e &#8220;in\u00e9dito em estudos similares&#8221;.<\/p>\n<p>&#8220;Por exemplo, na Espanha, estudo semelhante indicou aumento de apenas 4% entre as duas etapas da pesquisa&#8221;, compararam os pesquisadores, de acordo com nota oficial divulgada pela Ufpel.<\/p>\n<p>Os especialistas ressaltam que os resultados n\u00e3o devem ser aplicados para todo o Pa\u00eds nem usados para estimar o n\u00famero absoluto de casos, uma vez que os testes ocorreram em cidades populosas, com circula\u00e7\u00e3o intensa de pessoas e que concentram servi\u00e7os de sa\u00fade. &#8220;A din\u00e2mica da pandemia, portanto, pode ser distinta da observada em cidades pequenas ou em \u00e1reas rurais&#8221;, ponderaram.<\/p>\n<p>Os dados mostram que as diferen\u00e7as entre as regi\u00f5es s\u00e3o marcantes. As 15 cidades com maiores preval\u00eancias, detalha a universidade, incluem 12 da Regi\u00e3o Norte e tr\u00eas do Nordeste (Imperatriz, Fortaleza e Macei\u00f3). Na Regi\u00e3o Sul, segundo eles, nenhuma cidade apresentou preval\u00eancia superior a 0,5%, e, na Regi\u00e3o Centro-Oeste, apenas tr\u00eas cidades superaram esta marca (Bras\u00edlia, Cuiab\u00e1 e Luzi\u00e2nia).<\/p>\n<p>&#8220;Esse resultado confirma que a Regi\u00e3o Norte tem o cen\u00e1rio epidemiol\u00f3gico mais preocupante do Brasil, o que j\u00e1 havia sido mostrado na primeira fase da pesquisa&#8221;, informou a nota da Ufpel.<\/p>\n<p>Entre as capitais, tamb\u00e9m foram notadas disparidades. Em Boa Vista, a propor\u00e7\u00e3o da popula\u00e7\u00e3o que tem ou j\u00e1 teve a covid-19 foi estimada em 25%. Em outras cinco capitais, a porcentagem \u00e9 maior que 10%: Bel\u00e9m, Fortaleza, Macap\u00e1, Manaus e Macei\u00f3. &#8220;Das 10 capitais com percentuais mais altos da popula\u00e7\u00e3o com anticorpos, quatro s\u00e3o da Regi\u00e3o Norte, cinco s\u00e3o da Regi\u00e3o Nordeste e um da Regi\u00e3o Sudeste.&#8221;<\/p>\n<p>A pesquisa destacou tamb\u00e9m o caso do Rio de Janeiro, onde a propor\u00e7\u00e3o estimada de pessoas com anticorpos aumentou de 2,2% para 7,5%. Em Macei\u00f3, o aumento foi de 1,3% para 12,2%. Em Fortaleza, o aumento foi de 8,7% para 15,6%.<\/p>\n<p>&nbsp;<\/p>\n<p><strong>Fonte: Terra<\/strong><\/p>\n<p>&nbsp;<\/p>\n","protected":false},"excerpt":{"rendered":"<p>A propor\u00e7\u00e3o da popula\u00e7\u00e3o com anticorpos para o coronav\u00edrus aumentou em 50% em duas semanas, de acordo com estudo conduzido pela Universidade Federal de Pelotas (Ufpel) em mais de cem cidades de todos os Estados brasileiros. Os pesquisadores afirmam que o dado \u00e9 um indicativo de que o total de pessoas que j\u00e1 tiveram a &hellip;<\/p>\n","protected":false},"author":1,"featured_media":7216,"comment_status":"open","ping_status":"open","sticky":false,"template":"","format":"standard","meta":{"_jetpack_newsletter_access":"","_jetpack_dont_email_post_to_subs":false,"_jetpack_newsletter_tier_id":0,"_jetpack_memberships_contains_paywalled_content":false,"_jetpack_memberships_contains_paid_content":false,"footnotes":""},"categories":[1],"tags":[],"class_list":["post-7215","post","type-post","status-publish","format-standard","has-post-thumbnail","hentry","category-destaque"],"jetpack_sharing_enabled":true,"jetpack_featured_media_url":"","_links":{"self":[{"href":"https:\/\/www.oparanews.com.br\/index.php\/wp-json\/wp\/v2\/posts\/7215","targetHints":{"allow":["GET"]}}],"collection":[{"href":"https:\/\/www.oparanews.com.br\/index.php\/wp-json\/wp\/v2\/posts"}],"about":[{"href":"https:\/\/www.oparanews.com.br\/index.php\/wp-json\/wp\/v2\/types\/post"}],"author":[{"embeddable":true,"href":"https:\/\/www.oparanews.com.br\/index.php\/wp-json\/wp\/v2\/users\/1"}],"replies":[{"embeddable":true,"href":"https:\/\/www.oparanews.com.br\/index.php\/wp-json\/wp\/v2\/comments?post=7215"}],"version-history":[{"count":0,"href":"https:\/\/www.oparanews.com.br\/index.php\/wp-json\/wp\/v2\/posts\/7215\/revisions"}],"wp:attachment":[{"href":"https:\/\/www.oparanews.com.br\/index.php\/wp-json\/wp\/v2\/media?parent=7215"}],"wp:term":[{"taxonomy":"category","embeddable":true,"href":"https:\/\/www.oparanews.com.br\/index.php\/wp-json\/wp\/v2\/categories?post=7215"},{"taxonomy":"post_tag","embeddable":true,"href":"https:\/\/www.oparanews.com.br\/index.php\/wp-json\/wp\/v2\/tags?post=7215"}],"curies":[{"name":"wp","href":"https:\/\/api.w.org\/{rel}","templated":true}]}}