{"id":7218,"date":"2020-06-12T17:48:50","date_gmt":"2020-06-12T17:48:50","guid":{"rendered":"https:\/\/oparanews.com.br\/?p=7218"},"modified":"2020-06-12T17:48:50","modified_gmt":"2020-06-12T17:48:50","slug":"bolsonaro-impede-que-sindicos-proibam-festas-em-condominios","status":"publish","type":"post","link":"https:\/\/www.oparanews.com.br\/index.php\/2020\/06\/12\/bolsonaro-impede-que-sindicos-proibam-festas-em-condominios\/","title":{"rendered":"Bolsonaro impede que s\u00edndicos pro\u00edbam festas em condom\u00ednios"},"content":{"rendered":"<p>O presidente Jair Bolsonaro vetou trechos de um projeto aprovado no Congresso Nacional que, dentre outras medidas, concedia aos s\u00edndicos o poder de proibir festas e restringir o acesso a \u00e1reas comuns no condom\u00ednio que administra. Os vetos foram antecipados nas redes sociais de Bolsonaro e publicados no Di\u00e1rio Oficial da Uni\u00e3o (DOU) desta sexta-feira, 12.<\/p>\n<p>&#8220;Qualquer decis\u00e3o de restri\u00e7\u00e3o nos condom\u00ednios devem ser tomadas seguindo o desejo dos moradores nas assembleias internas&#8221;, escreveu o presidente em uma rede social. O PL 1179\/2020, aprovado pelo Senado em 3 de abril, estipula flexibiliza\u00e7\u00f5es no direito privado durante a pandemia do novo coronav\u00edrus, no per\u00edodo de 20 de mar\u00e7o a 30 de outubro deste ano.<\/p>\n<p>No trecho do projeto vetado por Bolsonaro, o texto defendia que os s\u00edndicos teriam poder para restringirem &#8220;reuni\u00f5es e assembleias presenciais&#8221; conforme as &#8220;determina\u00e7\u00f5es sanit\u00e1rias das autoridades locais&#8221;.<\/p>\n<p>Outro artigo vetado pelo presidente proibia a\u00e7\u00f5es de despejo para a desocupa\u00e7\u00e3o de im\u00f3veis urbanos at\u00e9 31 de dezembro. Ao mesmo tempo, Bolsonaro aprovou o artigo que suspende a aquisi\u00e7\u00e3o de propriedades imobili\u00e1rias ou mobili\u00e1rias por usucapi\u00e3o.<\/p>\n<p>Tamb\u00e9m foram descartados pelo presidente artigos que tratavam da revis\u00e3o contratual de im\u00f3veis durante a pandemia e outros que restringiam reuni\u00f5es ou assembleias presenciais. No artigo 12, entretanto, ficou reconhecida a legalidade de vota\u00e7\u00f5es, em car\u00e1ter emergencial, por meios virtuais.<\/p>\n<p><strong>Fonte: Terra<\/strong><\/p>\n<p>&nbsp;<\/p>\n","protected":false},"excerpt":{"rendered":"<p>O presidente Jair Bolsonaro vetou trechos de um projeto aprovado no Congresso Nacional que, dentre outras medidas, concedia aos s\u00edndicos o poder de proibir festas e restringir o acesso a \u00e1reas comuns no condom\u00ednio que administra. Os vetos foram antecipados nas redes sociais de Bolsonaro e publicados no Di\u00e1rio Oficial da Uni\u00e3o (DOU) desta sexta-feira, &hellip;<\/p>\n","protected":false},"author":1,"featured_media":7219,"comment_status":"open","ping_status":"open","sticky":false,"template":"","format":"standard","meta":{"_jetpack_newsletter_access":"","_jetpack_dont_email_post_to_subs":false,"_jetpack_newsletter_tier_id":0,"_jetpack_memberships_contains_paywalled_content":false,"_jetpack_memberships_contains_paid_content":false,"footnotes":""},"categories":[1],"tags":[],"class_list":["post-7218","post","type-post","status-publish","format-standard","has-post-thumbnail","hentry","category-destaque"],"jetpack_sharing_enabled":true,"jetpack_featured_media_url":"","_links":{"self":[{"href":"https:\/\/www.oparanews.com.br\/index.php\/wp-json\/wp\/v2\/posts\/7218","targetHints":{"allow":["GET"]}}],"collection":[{"href":"https:\/\/www.oparanews.com.br\/index.php\/wp-json\/wp\/v2\/posts"}],"about":[{"href":"https:\/\/www.oparanews.com.br\/index.php\/wp-json\/wp\/v2\/types\/post"}],"author":[{"embeddable":true,"href":"https:\/\/www.oparanews.com.br\/index.php\/wp-json\/wp\/v2\/users\/1"}],"replies":[{"embeddable":true,"href":"https:\/\/www.oparanews.com.br\/index.php\/wp-json\/wp\/v2\/comments?post=7218"}],"version-history":[{"count":0,"href":"https:\/\/www.oparanews.com.br\/index.php\/wp-json\/wp\/v2\/posts\/7218\/revisions"}],"wp:attachment":[{"href":"https:\/\/www.oparanews.com.br\/index.php\/wp-json\/wp\/v2\/media?parent=7218"}],"wp:term":[{"taxonomy":"category","embeddable":true,"href":"https:\/\/www.oparanews.com.br\/index.php\/wp-json\/wp\/v2\/categories?post=7218"},{"taxonomy":"post_tag","embeddable":true,"href":"https:\/\/www.oparanews.com.br\/index.php\/wp-json\/wp\/v2\/tags?post=7218"}],"curies":[{"name":"wp","href":"https:\/\/api.w.org\/{rel}","templated":true}]}}