{"id":7221,"date":"2020-06-12T23:51:32","date_gmt":"2020-06-12T23:51:32","guid":{"rendered":"https:\/\/oparanews.com.br\/?p=7221"},"modified":"2020-06-12T23:51:32","modified_gmt":"2020-06-12T23:51:32","slug":"vereador-de-maribondo-e-preso-em-operacao-policial","status":"publish","type":"post","link":"https:\/\/www.oparanews.com.br\/index.php\/2020\/06\/12\/vereador-de-maribondo-e-preso-em-operacao-policial\/","title":{"rendered":"Vereador de Maribondo \u00e9 preso em opera\u00e7\u00e3o policial"},"content":{"rendered":"<p>A Pol\u00edcia Civil, atrav\u00e9s da Divis\u00e3o Especial de Investiga\u00e7\u00e3o e Captura (DEIC), deflagrou nesta sexta-feira (12) uma opera\u00e7\u00e3o na cidade de Maribondo para cumprimento de dez mandados de busca e apreens\u00e3o contra suspeitos de tr\u00e1fico de drogas, posse e porte ilegal de arma de fogo. Um vereador da cidade foi preso por posse ilegal de arma de fogo.<\/p>\n<p>O nome do vereador n\u00e3o foi divulgado. Ele foi alvo de um dos mandados, e quando os policiais fizeram buscas na casa dele, encontraram uma espingarda calibre 32, para a qual ele n\u00e3o tinha autoriza\u00e7\u00e3o.<\/p>\n<p>Segundo a pol\u00edcia, o vereador j\u00e1 tinha antecedente criminal por porte ilegal de arma de fogo. A arma foi apreendida e ele foi preso, mas pagou fian\u00e7a para responder pelo crime em liberdade.<\/p>\n<p>A pol\u00edcia tamb\u00e9m prendeu, em outra resid\u00eancia, um jovem de 19 anos. L\u00e1, os policiais encontraram um rev\u00f3lver calibre 38. Ele tem antecedentes por homic\u00eddio, tr\u00e1fico de drogas e roubo. Nos demais endere\u00e7os, as buscas foram realizadas, mas nada il\u00edcito foi encontrado.<\/p>\n<p>A opera\u00e7\u00e3o policial foi coordenada pelo delegado Gustavo Henrique, da Deic e contou com a participa\u00e7\u00e3o dos agentes da DEIC, T\u00e1tico Integrado Grupo de Resgates Especiais (TIGRE), Se\u00e7\u00e3o de Capturas, N\u00facleo de Intelig\u00eancia (NI), Se\u00e7\u00e3o Antissequestro e policias militares do Bope, R\u00e1dio Patrulha e da 4\u00b0 Companhia Independente de Atalaia.<\/p>\n<p>&nbsp;<\/p>\n<p><strong>Fonte: G1\/AL<\/strong><\/p>\n<p>&nbsp;<\/p>\n","protected":false},"excerpt":{"rendered":"<p>A Pol\u00edcia Civil, atrav\u00e9s da Divis\u00e3o Especial de Investiga\u00e7\u00e3o e Captura (DEIC), deflagrou nesta sexta-feira (12) uma opera\u00e7\u00e3o na cidade de Maribondo para cumprimento de dez mandados de busca e apreens\u00e3o contra suspeitos de tr\u00e1fico de drogas, posse e porte ilegal de arma de fogo. Um vereador da cidade foi preso por posse ilegal de &hellip;<\/p>\n","protected":false},"author":1,"featured_media":7222,"comment_status":"open","ping_status":"open","sticky":false,"template":"","format":"standard","meta":{"_jetpack_newsletter_access":"","_jetpack_dont_email_post_to_subs":false,"_jetpack_newsletter_tier_id":0,"_jetpack_memberships_contains_paywalled_content":false,"_jetpack_memberships_contains_paid_content":false,"footnotes":""},"categories":[1],"tags":[],"class_list":["post-7221","post","type-post","status-publish","format-standard","has-post-thumbnail","hentry","category-destaque"],"jetpack_sharing_enabled":true,"jetpack_featured_media_url":"","_links":{"self":[{"href":"https:\/\/www.oparanews.com.br\/index.php\/wp-json\/wp\/v2\/posts\/7221","targetHints":{"allow":["GET"]}}],"collection":[{"href":"https:\/\/www.oparanews.com.br\/index.php\/wp-json\/wp\/v2\/posts"}],"about":[{"href":"https:\/\/www.oparanews.com.br\/index.php\/wp-json\/wp\/v2\/types\/post"}],"author":[{"embeddable":true,"href":"https:\/\/www.oparanews.com.br\/index.php\/wp-json\/wp\/v2\/users\/1"}],"replies":[{"embeddable":true,"href":"https:\/\/www.oparanews.com.br\/index.php\/wp-json\/wp\/v2\/comments?post=7221"}],"version-history":[{"count":0,"href":"https:\/\/www.oparanews.com.br\/index.php\/wp-json\/wp\/v2\/posts\/7221\/revisions"}],"wp:attachment":[{"href":"https:\/\/www.oparanews.com.br\/index.php\/wp-json\/wp\/v2\/media?parent=7221"}],"wp:term":[{"taxonomy":"category","embeddable":true,"href":"https:\/\/www.oparanews.com.br\/index.php\/wp-json\/wp\/v2\/categories?post=7221"},{"taxonomy":"post_tag","embeddable":true,"href":"https:\/\/www.oparanews.com.br\/index.php\/wp-json\/wp\/v2\/tags?post=7221"}],"curies":[{"name":"wp","href":"https:\/\/api.w.org\/{rel}","templated":true}]}}