{"id":7230,"date":"2020-06-13T20:04:04","date_gmt":"2020-06-13T20:04:04","guid":{"rendered":"https:\/\/oparanews.com.br\/?p=7230"},"modified":"2020-06-13T20:04:04","modified_gmt":"2020-06-13T20:04:04","slug":"penedo-recebe-equipamentos-para-instalacao-de-uti","status":"publish","type":"post","link":"https:\/\/www.oparanews.com.br\/index.php\/2020\/06\/13\/penedo-recebe-equipamentos-para-instalacao-de-uti\/","title":{"rendered":"Penedo recebe equipamentos para instala\u00e7\u00e3o de UTI"},"content":{"rendered":"<p>Falta pouco para que um dos maiores investimentos em sa\u00fade p\u00fablica se torne realidade em Penedo: a instala\u00e7\u00e3o de uma Unidade de Tratamento Intensivo (UTI). Na tarde deste s\u00e1bado, 13, os equipamentos enviados pelo governo estadual chegaram na cidade.<\/p>\n<p>Destinados, a princ\u00edpio, ao investimento que Prefeitura de Penedo realiza no antigo Semep como mais uma das a\u00e7\u00f5es de enfrentamento da pandemia do Covid-19, os equipamentos foram repassados para a Santa Casa de Miseric\u00f3rdia.<\/p>\n<p>O benef\u00edcio imediato ao povo de Penedo e regi\u00e3o foi decidido em comum acordo entre os governos municipal, estadual e a provedoria da unidade de sa\u00fade, como destacou o prefeito M\u00e1rcius Beltr\u00e3o ao rep\u00f3rter Rafael Medeiros durante entrevista realizada no momento da entrega, no Hospital Regional de Penedo.<\/p>\n<p>De imediato, ser\u00e3o seis leitos de UTIS, com possibilidade de mais um, caso a Santa Casa consiga adquirir mais um kit completo para o servi\u00e7o especializado no espa\u00e7o projetado para sete leitos, situado em parte da antiga Unidade de Emerg\u00eancia de Penedo.<\/p>\n<p>Conquista<\/p>\n<p>\u201c\u00c9 a conquista que a nossa sociedade sonhava a muitos anos. Isso vai mudar a hist\u00f3ria da sa\u00fade p\u00fablica em nosso munic\u00edpio porque tamb\u00e9m possibilita a realiza\u00e7\u00e3o de procedimentos de alta complexidade em Penedo\u201d, declarou M\u00e1rcius Beltr\u00e3o \u00e0 R\u00e1dio Penedo FM, apresentando seus votos de recupera\u00e7\u00e3o ao bispo diocesano Dom Val\u00e9rio Breda, provedor da Santa Casa de Penedo.<\/p>\n<p>O Secret\u00e1rio Municipal de Sa\u00fade, Marcos Beltr\u00e3o, tamb\u00e9m acompanhou o momento hist\u00f3rico, como frisou ao rep\u00f3rter Rafael Medeiros, na cobertura da entrega.<\/p>\n<p>Ele explicou que o Hospital Regional j\u00e1 est\u00e1 em condi\u00e7\u00f5es de receber os equipamentos que seriam destinados ao antigo Semep, local com obras avan\u00e7adas para receber mais dez leitos de UTI, investimento que exige servi\u00e7os especializados, como explicou.<\/p>\n<p>\u201cPor este motivo, a Prefeitura cedeu os equipamentos para a Santa Casa e certamente j\u00e1 estar\u00e3o funcionando no in\u00edcio da semana\u201d, destacou Marcos Beltr\u00e3o, lembrando que essa \u00e9 uma conquista definitiva para Penedo, ao contr\u00e1rio dos munic\u00edpios com hospital de campanha porque eles deixar\u00e3o de existir com o fim da pandemia do Novo Coronav\u00edrus.<\/p>\n<p>&nbsp;<\/p>\n<p><strong>por Fernando Vin\u00edcius \u2013 Decom PMP<\/strong><\/p>\n<p>&nbsp;<\/p>\n","protected":false},"excerpt":{"rendered":"<p>Falta pouco para que um dos maiores investimentos em sa\u00fade p\u00fablica se torne realidade em Penedo: a instala\u00e7\u00e3o de uma Unidade de Tratamento Intensivo (UTI). Na tarde deste s\u00e1bado, 13, os equipamentos enviados pelo governo estadual chegaram na cidade. Destinados, a princ\u00edpio, ao investimento que Prefeitura de Penedo realiza no antigo Semep como mais uma &hellip;<\/p>\n","protected":false},"author":1,"featured_media":7231,"comment_status":"open","ping_status":"open","sticky":false,"template":"","format":"standard","meta":{"_jetpack_newsletter_access":"","_jetpack_dont_email_post_to_subs":false,"_jetpack_newsletter_tier_id":0,"_jetpack_memberships_contains_paywalled_content":false,"_jetpack_memberships_contains_paid_content":false,"footnotes":""},"categories":[1],"tags":[],"class_list":["post-7230","post","type-post","status-publish","format-standard","has-post-thumbnail","hentry","category-destaque"],"jetpack_sharing_enabled":true,"jetpack_featured_media_url":"","_links":{"self":[{"href":"https:\/\/www.oparanews.com.br\/index.php\/wp-json\/wp\/v2\/posts\/7230","targetHints":{"allow":["GET"]}}],"collection":[{"href":"https:\/\/www.oparanews.com.br\/index.php\/wp-json\/wp\/v2\/posts"}],"about":[{"href":"https:\/\/www.oparanews.com.br\/index.php\/wp-json\/wp\/v2\/types\/post"}],"author":[{"embeddable":true,"href":"https:\/\/www.oparanews.com.br\/index.php\/wp-json\/wp\/v2\/users\/1"}],"replies":[{"embeddable":true,"href":"https:\/\/www.oparanews.com.br\/index.php\/wp-json\/wp\/v2\/comments?post=7230"}],"version-history":[{"count":0,"href":"https:\/\/www.oparanews.com.br\/index.php\/wp-json\/wp\/v2\/posts\/7230\/revisions"}],"wp:attachment":[{"href":"https:\/\/www.oparanews.com.br\/index.php\/wp-json\/wp\/v2\/media?parent=7230"}],"wp:term":[{"taxonomy":"category","embeddable":true,"href":"https:\/\/www.oparanews.com.br\/index.php\/wp-json\/wp\/v2\/categories?post=7230"},{"taxonomy":"post_tag","embeddable":true,"href":"https:\/\/www.oparanews.com.br\/index.php\/wp-json\/wp\/v2\/tags?post=7230"}],"curies":[{"name":"wp","href":"https:\/\/api.w.org\/{rel}","templated":true}]}}