{"id":7233,"date":"2020-06-14T01:26:15","date_gmt":"2020-06-14T01:26:15","guid":{"rendered":"https:\/\/oparanews.com.br\/?p=7233"},"modified":"2020-06-14T01:26:15","modified_gmt":"2020-06-14T01:26:15","slug":"prefeito-de-sp-testa-positivo-para-covid-19","status":"publish","type":"post","link":"https:\/\/www.oparanews.com.br\/index.php\/2020\/06\/14\/prefeito-de-sp-testa-positivo-para-covid-19\/","title":{"rendered":"Prefeito de SP testa positivo para covid-19"},"content":{"rendered":"<p>O prefeito de S\u00e3o Paulo, Bruno Covas, obteve diagn\u00f3stico positivo para covid-19. A informa\u00e7\u00e3o foi confirmada pela Prefeitura de S\u00e3o Paulo em nota oficial no come\u00e7o da noite deste s\u00e1bado. De acordo com o poder municipal, o prefeito est\u00e1 bem, n\u00e3o apresenta sintomas da doen\u00e7a causada pelo novo coronav\u00edrus, mas vai ficar trabalhando em casa nos pr\u00f3ximos dias.<\/p>\n<p>De acordo com a prefeitura, o teste positivo de Covas veio depois de exame de rotina. Em maio, o prefeito foi internado no Hospital S\u00edrio-Liban\u00eas ap\u00f3s sintomas de desconforto abdominal. O pol\u00edtico faz tratamento contra um c\u00e2ncer diagnosticado, inicialmente, na c\u00e1rdia, regi\u00e3o entre est\u00f4mago e es\u00f4fago. Ele continua fazendo imunoterapia contra c\u00e2ncer linfonodos.<\/p>\n<p>O prefeito foi internado pela primeira vez no dia 23 de outubro, com erisipela (infec\u00e7\u00e3o na perna), que evoluiu para trombose venosa profunda (co\u00e1gulos) na perna direita. Os co\u00e1gulos subiram para o pulm\u00e3o, causando uma embolia. O c\u00e2ncer foi diagnosticado durante a realiza\u00e7\u00e3o dos exames para identificar novos co\u00e1gulos.<\/p>\n<p>Covas passou por oito sess\u00f5es de quimioterapia que, segundo os m\u00e9dicos, n\u00e3o foram suficientes para vencer o c\u00e2ncer. No \u00faltimo boletim m\u00e9dico, divulgado em 28 de abril, a equipe do S\u00edrio Liban\u00eas afirmou que Bruno Covas continua com c\u00e2ncer nos linfonodos. Com isso, existe a necessidade de continuidade do tratamento de imunoterapia.<\/p>\n<p>Na ocasi\u00e3o, o prefeito foi submetido a exames de controle, entre eles a resson\u00e2ncia magn\u00e9tica, &#8220;que demonstraram que o tratamento est\u00e1 sendo eficaz no combate ao c\u00e2ncer que persiste nos linfonodos&#8221;. Diante desse resultado, a equipe m\u00e9dica decidiu continuar aplica\u00e7\u00f5es endovenosas de imunoterapia a cada tr\u00eas semanas.<\/p>\n<p>&nbsp;<\/p>\n<p><strong>Fonte: Terra<\/strong><\/p>\n<p>&nbsp;<\/p>\n","protected":false},"excerpt":{"rendered":"<p>O prefeito de S\u00e3o Paulo, Bruno Covas, obteve diagn\u00f3stico positivo para covid-19. A informa\u00e7\u00e3o foi confirmada pela Prefeitura de S\u00e3o Paulo em nota oficial no come\u00e7o da noite deste s\u00e1bado. De acordo com o poder municipal, o prefeito est\u00e1 bem, n\u00e3o apresenta sintomas da doen\u00e7a causada pelo novo coronav\u00edrus, mas vai ficar trabalhando em casa &hellip;<\/p>\n","protected":false},"author":1,"featured_media":7234,"comment_status":"open","ping_status":"open","sticky":false,"template":"","format":"standard","meta":{"_jetpack_newsletter_access":"","_jetpack_dont_email_post_to_subs":false,"_jetpack_newsletter_tier_id":0,"_jetpack_memberships_contains_paywalled_content":false,"_jetpack_memberships_contains_paid_content":false,"footnotes":""},"categories":[1],"tags":[],"class_list":["post-7233","post","type-post","status-publish","format-standard","has-post-thumbnail","hentry","category-destaque"],"jetpack_sharing_enabled":true,"jetpack_featured_media_url":"","_links":{"self":[{"href":"https:\/\/www.oparanews.com.br\/index.php\/wp-json\/wp\/v2\/posts\/7233","targetHints":{"allow":["GET"]}}],"collection":[{"href":"https:\/\/www.oparanews.com.br\/index.php\/wp-json\/wp\/v2\/posts"}],"about":[{"href":"https:\/\/www.oparanews.com.br\/index.php\/wp-json\/wp\/v2\/types\/post"}],"author":[{"embeddable":true,"href":"https:\/\/www.oparanews.com.br\/index.php\/wp-json\/wp\/v2\/users\/1"}],"replies":[{"embeddable":true,"href":"https:\/\/www.oparanews.com.br\/index.php\/wp-json\/wp\/v2\/comments?post=7233"}],"version-history":[{"count":0,"href":"https:\/\/www.oparanews.com.br\/index.php\/wp-json\/wp\/v2\/posts\/7233\/revisions"}],"wp:attachment":[{"href":"https:\/\/www.oparanews.com.br\/index.php\/wp-json\/wp\/v2\/media?parent=7233"}],"wp:term":[{"taxonomy":"category","embeddable":true,"href":"https:\/\/www.oparanews.com.br\/index.php\/wp-json\/wp\/v2\/categories?post=7233"},{"taxonomy":"post_tag","embeddable":true,"href":"https:\/\/www.oparanews.com.br\/index.php\/wp-json\/wp\/v2\/tags?post=7233"}],"curies":[{"name":"wp","href":"https:\/\/api.w.org\/{rel}","templated":true}]}}