{"id":7242,"date":"2020-06-14T01:38:31","date_gmt":"2020-06-14T01:38:31","guid":{"rendered":"https:\/\/oparanews.com.br\/?p=7242"},"modified":"2020-06-14T01:38:31","modified_gmt":"2020-06-14T01:38:31","slug":"populacao-do-rio-tem-aumento-de-anticorpos-contra-covid-19","status":"publish","type":"post","link":"https:\/\/www.oparanews.com.br\/index.php\/2020\/06\/14\/populacao-do-rio-tem-aumento-de-anticorpos-contra-covid-19\/","title":{"rendered":"Popula\u00e7\u00e3o do Rio tem aumento de anticorpos contra covid-19"},"content":{"rendered":"<p>Uma pesquisa do Hemorio mostra que 28% dos fluminenses que doaram sangue nas \u00faltimas duas semanas apresentaram anticorpos contra o coronav\u00edrus. Analisados em parceria com a Secretaria Estadual de Sa\u00fade, a Uerj, a UFRJ e a Fiocruz, os n\u00fameros mostram um aumento consider\u00e1vel em compara\u00e7\u00e3o com as primeiras semanas de abril. Naquele momento, apenas 4% dos doadores tinham anticorpos.<\/p>\n<p>O estudo j\u00e1 coletou informa\u00e7\u00f5es de 7,3 mil pessoas e continua sendo feito. O objetivo \u00e9 mapear o \u00edndice de infectados e de pessoas com anticorpos no Rio.<\/p>\n<p>&#8220;Os doadores de sangue podem ser considerados uma popula\u00e7\u00e3o-sentinela, que nos possibilita acompanhar a curva da doen\u00e7a. Surpreendentemente, um n\u00famero consider\u00e1vel de doadores j\u00e1 possui anticorpos contra o novo coronav\u00edrus, o que pode refletir a realidade da popula\u00e7\u00e3o em geral&#8221;, comenta o diretor do Hemorio, Luiz Amorim.<\/p>\n<p>O Rio zerou a fila de leitos para covid nos hospitais, mas ainda sofre com um alto n\u00famero de mortes a cada dia. Enquanto isso, o Estado e o munic\u00edpio afrouxaram as medidas de isolamento social \u2013 o que tem feito a popula\u00e7\u00e3o confundir flexibiliza\u00e7\u00e3o com abertura total.<\/p>\n<p><strong>Novos casos<\/strong><\/p>\n<p>O Estado do Rio registrou neste s\u00e1bado, 13, 175 novas mortes por covid. Enquanto isso, as praias da capital fluminense ficaram movimentadas \u2013 os governos estadual e municipal anunciaram medidas de flexibiliza\u00e7\u00e3o que come\u00e7aram a valer no in\u00edcio da semana.<\/p>\n<p>Apesar de a perman\u00eancia na areia estar proibida, cariocas aproveitaram algumas medidas de abertura, como a permiss\u00e3o para realizar atividades f\u00edsicas no mar, para deturpar os decretos. Agentes da Pol\u00edcia Militar e da Guarda Municipal tiveram que retirar alguns banhistas.<\/p>\n<p>Al\u00e9m das mortes, o Rio registrou 1.052 novos casos da covid. Ao todo, j\u00e1 s\u00e3o 78,8 mil infectados no Estado; 7.592 deles morreram.<\/p>\n<p>&nbsp;<\/p>\n<p><strong>Fonte: Terra<\/strong><\/p>\n<p>&nbsp;<\/p>\n","protected":false},"excerpt":{"rendered":"<p>Uma pesquisa do Hemorio mostra que 28% dos fluminenses que doaram sangue nas \u00faltimas duas semanas apresentaram anticorpos contra o coronav\u00edrus. Analisados em parceria com a Secretaria Estadual de Sa\u00fade, a Uerj, a UFRJ e a Fiocruz, os n\u00fameros mostram um aumento consider\u00e1vel em compara\u00e7\u00e3o com as primeiras semanas de abril. Naquele momento, apenas 4% &hellip;<\/p>\n","protected":false},"author":1,"featured_media":7243,"comment_status":"open","ping_status":"open","sticky":false,"template":"","format":"standard","meta":{"_jetpack_newsletter_access":"","_jetpack_dont_email_post_to_subs":false,"_jetpack_newsletter_tier_id":0,"_jetpack_memberships_contains_paywalled_content":false,"_jetpack_memberships_contains_paid_content":false,"footnotes":""},"categories":[1],"tags":[],"class_list":["post-7242","post","type-post","status-publish","format-standard","has-post-thumbnail","hentry","category-destaque"],"jetpack_sharing_enabled":true,"jetpack_featured_media_url":"","_links":{"self":[{"href":"https:\/\/www.oparanews.com.br\/index.php\/wp-json\/wp\/v2\/posts\/7242","targetHints":{"allow":["GET"]}}],"collection":[{"href":"https:\/\/www.oparanews.com.br\/index.php\/wp-json\/wp\/v2\/posts"}],"about":[{"href":"https:\/\/www.oparanews.com.br\/index.php\/wp-json\/wp\/v2\/types\/post"}],"author":[{"embeddable":true,"href":"https:\/\/www.oparanews.com.br\/index.php\/wp-json\/wp\/v2\/users\/1"}],"replies":[{"embeddable":true,"href":"https:\/\/www.oparanews.com.br\/index.php\/wp-json\/wp\/v2\/comments?post=7242"}],"version-history":[{"count":0,"href":"https:\/\/www.oparanews.com.br\/index.php\/wp-json\/wp\/v2\/posts\/7242\/revisions"}],"wp:attachment":[{"href":"https:\/\/www.oparanews.com.br\/index.php\/wp-json\/wp\/v2\/media?parent=7242"}],"wp:term":[{"taxonomy":"category","embeddable":true,"href":"https:\/\/www.oparanews.com.br\/index.php\/wp-json\/wp\/v2\/categories?post=7242"},{"taxonomy":"post_tag","embeddable":true,"href":"https:\/\/www.oparanews.com.br\/index.php\/wp-json\/wp\/v2\/tags?post=7242"}],"curies":[{"name":"wp","href":"https:\/\/api.w.org\/{rel}","templated":true}]}}