{"id":7245,"date":"2020-06-14T01:41:28","date_gmt":"2020-06-14T01:41:28","guid":{"rendered":"https:\/\/oparanews.com.br\/?p=7245"},"modified":"2020-06-14T01:41:28","modified_gmt":"2020-06-14T01:41:28","slug":"leonardo-confirma-saida-de-cavani-e-thiago-silva-do-psg","status":"publish","type":"post","link":"https:\/\/www.oparanews.com.br\/index.php\/2020\/06\/14\/leonardo-confirma-saida-de-cavani-e-thiago-silva-do-psg\/","title":{"rendered":"Leonardo confirma sa\u00edda de Cavani e Thiago Silva do PSG"},"content":{"rendered":"<p>Diretor esportivo do Paris Saint-Germain, o brasileiro Leonardo confirmou neste s\u00e1bado que o zagueiro Thiago Silva e o atacante Edinson Cavani n\u00e3o permanecer\u00e3o no clube parisiense na pr\u00f3xima temporada. Ambos t\u00eam contrato se encerrando e n\u00e3o renovar\u00e3o.<\/p>\n<p>&#8220;Foi uma decis\u00e3o muito dif\u00edcil de tomar. S\u00e3o jogadores que marcaram a hist\u00f3ria do clube. Sempre nos perguntamos se devemos continuar por um longo caminho ou se n\u00e3o vale a pena. As hist\u00f3rias foram muito bonitas, mas, sim, est\u00e3o chegando ao fim&#8221;, disse Leonardo ao Le Journal du Dimanche.<\/p>\n<p>Cavani e Thiago Silva t\u00eam contrato com o PSG at\u00e9 o dia 30 de junho, mas com a paralisa\u00e7\u00e3o da temporada por conta da pandemia de coronav\u00edrus, a Liga dos Campe\u00f5es s\u00f3 deve voltar a ser disputada em agosto. Diante disso, o dirigente disse que a ideia \u00e9 estender o v\u00ednculo at\u00e9 o fim da competi\u00e7\u00e3o para que o clube franc\u00eas tenha o elenco completo.<\/p>\n<p>Al\u00e9m do brasileiro e do uruguaio que deixar\u00e3o o clube, outros quatros jogadores tamb\u00e9m n\u00e3o ficar\u00e3o no Parque dos Pr\u00edncipes: o goleiro Sergio Rico, os laterais Kurzawa e Meunier e o atacante Choupo-Moting.<\/p>\n<p>&nbsp;<\/p>\n<p><strong>Fonte: LANCE!<\/strong><\/p>\n<p>&nbsp;<\/p>\n","protected":false},"excerpt":{"rendered":"<p>Diretor esportivo do Paris Saint-Germain, o brasileiro Leonardo confirmou neste s\u00e1bado que o zagueiro Thiago Silva e o atacante Edinson Cavani n\u00e3o permanecer\u00e3o no clube parisiense na pr\u00f3xima temporada. Ambos t\u00eam contrato se encerrando e n\u00e3o renovar\u00e3o. &#8220;Foi uma decis\u00e3o muito dif\u00edcil de tomar. S\u00e3o jogadores que marcaram a hist\u00f3ria do clube. Sempre nos perguntamos &hellip;<\/p>\n","protected":false},"author":1,"featured_media":7246,"comment_status":"open","ping_status":"open","sticky":false,"template":"","format":"standard","meta":{"_jetpack_newsletter_access":"","_jetpack_dont_email_post_to_subs":false,"_jetpack_newsletter_tier_id":0,"_jetpack_memberships_contains_paywalled_content":false,"_jetpack_memberships_contains_paid_content":false,"footnotes":""},"categories":[1],"tags":[],"class_list":["post-7245","post","type-post","status-publish","format-standard","has-post-thumbnail","hentry","category-destaque"],"jetpack_sharing_enabled":true,"jetpack_featured_media_url":"","_links":{"self":[{"href":"https:\/\/www.oparanews.com.br\/index.php\/wp-json\/wp\/v2\/posts\/7245","targetHints":{"allow":["GET"]}}],"collection":[{"href":"https:\/\/www.oparanews.com.br\/index.php\/wp-json\/wp\/v2\/posts"}],"about":[{"href":"https:\/\/www.oparanews.com.br\/index.php\/wp-json\/wp\/v2\/types\/post"}],"author":[{"embeddable":true,"href":"https:\/\/www.oparanews.com.br\/index.php\/wp-json\/wp\/v2\/users\/1"}],"replies":[{"embeddable":true,"href":"https:\/\/www.oparanews.com.br\/index.php\/wp-json\/wp\/v2\/comments?post=7245"}],"version-history":[{"count":0,"href":"https:\/\/www.oparanews.com.br\/index.php\/wp-json\/wp\/v2\/posts\/7245\/revisions"}],"wp:attachment":[{"href":"https:\/\/www.oparanews.com.br\/index.php\/wp-json\/wp\/v2\/media?parent=7245"}],"wp:term":[{"taxonomy":"category","embeddable":true,"href":"https:\/\/www.oparanews.com.br\/index.php\/wp-json\/wp\/v2\/categories?post=7245"},{"taxonomy":"post_tag","embeddable":true,"href":"https:\/\/www.oparanews.com.br\/index.php\/wp-json\/wp\/v2\/tags?post=7245"}],"curies":[{"name":"wp","href":"https:\/\/api.w.org\/{rel}","templated":true}]}}