{"id":7248,"date":"2020-06-14T18:54:36","date_gmt":"2020-06-14T18:54:36","guid":{"rendered":"https:\/\/oparanews.com.br\/?p=7248"},"modified":"2020-06-14T18:54:36","modified_gmt":"2020-06-14T18:54:36","slug":"chuva-provoca-queda-de-arvores-em-alagoas","status":"publish","type":"post","link":"https:\/\/www.oparanews.com.br\/index.php\/2020\/06\/14\/chuva-provoca-queda-de-arvores-em-alagoas\/","title":{"rendered":"Chuva provoca queda de \u00e1rvores em Alagoas"},"content":{"rendered":"<p>As fortes chuvas que caem sobre Alagoas levou a queda de \u00e1rvores entre a noite de s\u00e1bado (13) e a manh\u00e3 deste domingo (14). At\u00e9 \u00e0s 9h40, 12 chamados desta ocorr\u00eancia foram registradas pelo Corpo de Bombeiros, a maioria delas em Macei\u00f3 e sua regi\u00e3o metropolitana. Uma pessoa morreu e outra ficou ferida na cidade de Rio Largo.<\/p>\n<p>Segundo os bombeiros, uma \u00e1rvore caiu sobre cinco pessoas que estavam em um acampamento na Ponte do Humait\u00e1, em Rio Largo. O local era de dif\u00edcil acesso, foi preciso que os bombeiros seguissem at\u00e9 o local a p\u00e9 para fazer o socorro das v\u00edtimas. Duas pessoas ficaram feridas.<\/p>\n<p>Uma delas n\u00e3o resistiu aos ferimentos e morreu no local. A outra foi encaminhada para Unidade de Pronto Atendimento (UPA) do Tabuleiro do Martins, em Macei\u00f3.<\/p>\n<p>Por causa da quedas das \u00e1rvores, v\u00e1rios lugares ficaram sem energia em Macei\u00f3 e na regi\u00e3o metropolitana. Segundo a Equatorial, as \u00e1rvores atingiram a rede da distribuidora. A empresa ampliou a quantidade de equipes para realizar os atendimentos.<\/p>\n<p>Segundo a previs\u00e3o da Secretaria do Meio Ambiente e dos Recursos H\u00eddricos (Semarh) para o domingo, todas as regi\u00f5es do estado est\u00e3o com o tempo nublado com chuvas cont\u00ednuas.<\/p>\n<p>Um alerta emitido no s\u00e1bado pela Sala de Alerta da Semarh avisou que as chuvas que ca\u00edam em todo o estado de intensidade fraca a moderada poderiam gerar pontos de alagamentos na capital, no Litoral, com destaque para o sul da regi\u00e3o, Baixo S\u00e3o Francisco e na Zona da Mata do Estado podendo se estender at\u00e9 a pr\u00f3xima segunda-feira (15).<\/p>\n<p>&nbsp;<\/p>\n<p><strong>Fonte: G1\/AL<\/strong><\/p>\n<p>&nbsp;<\/p>\n","protected":false},"excerpt":{"rendered":"<p>As fortes chuvas que caem sobre Alagoas levou a queda de \u00e1rvores entre a noite de s\u00e1bado (13) e a manh\u00e3 deste domingo (14). At\u00e9 \u00e0s 9h40, 12 chamados desta ocorr\u00eancia foram registradas pelo Corpo de Bombeiros, a maioria delas em Macei\u00f3 e sua regi\u00e3o metropolitana. Uma pessoa morreu e outra ficou ferida na cidade &hellip;<\/p>\n","protected":false},"author":1,"featured_media":7249,"comment_status":"open","ping_status":"open","sticky":false,"template":"","format":"standard","meta":{"_jetpack_newsletter_access":"","_jetpack_dont_email_post_to_subs":false,"_jetpack_newsletter_tier_id":0,"_jetpack_memberships_contains_paywalled_content":false,"_jetpack_memberships_contains_paid_content":false,"footnotes":""},"categories":[1],"tags":[],"class_list":["post-7248","post","type-post","status-publish","format-standard","has-post-thumbnail","hentry","category-destaque"],"jetpack_sharing_enabled":true,"jetpack_featured_media_url":"","_links":{"self":[{"href":"https:\/\/www.oparanews.com.br\/index.php\/wp-json\/wp\/v2\/posts\/7248","targetHints":{"allow":["GET"]}}],"collection":[{"href":"https:\/\/www.oparanews.com.br\/index.php\/wp-json\/wp\/v2\/posts"}],"about":[{"href":"https:\/\/www.oparanews.com.br\/index.php\/wp-json\/wp\/v2\/types\/post"}],"author":[{"embeddable":true,"href":"https:\/\/www.oparanews.com.br\/index.php\/wp-json\/wp\/v2\/users\/1"}],"replies":[{"embeddable":true,"href":"https:\/\/www.oparanews.com.br\/index.php\/wp-json\/wp\/v2\/comments?post=7248"}],"version-history":[{"count":0,"href":"https:\/\/www.oparanews.com.br\/index.php\/wp-json\/wp\/v2\/posts\/7248\/revisions"}],"wp:attachment":[{"href":"https:\/\/www.oparanews.com.br\/index.php\/wp-json\/wp\/v2\/media?parent=7248"}],"wp:term":[{"taxonomy":"category","embeddable":true,"href":"https:\/\/www.oparanews.com.br\/index.php\/wp-json\/wp\/v2\/categories?post=7248"},{"taxonomy":"post_tag","embeddable":true,"href":"https:\/\/www.oparanews.com.br\/index.php\/wp-json\/wp\/v2\/tags?post=7248"}],"curies":[{"name":"wp","href":"https:\/\/api.w.org\/{rel}","templated":true}]}}