{"id":7251,"date":"2020-06-14T21:49:03","date_gmt":"2020-06-14T21:49:03","guid":{"rendered":"https:\/\/oparanews.com.br\/?p=7251"},"modified":"2020-06-14T21:49:03","modified_gmt":"2020-06-14T21:49:03","slug":"penedo-recebe-equipamentos-do-estado-para-montar-a-sua-uti","status":"publish","type":"post","link":"https:\/\/www.oparanews.com.br\/index.php\/2020\/06\/14\/penedo-recebe-equipamentos-do-estado-para-montar-a-sua-uti\/","title":{"rendered":"PENEDO RECEBE EQUIPAMENTOS DO ESTADO PARA MONTAR A SUA UTI"},"content":{"rendered":"<p>Na tarde deste s\u00e1bado, 13, um grande passo para Penedo foi concretizado, no que diz respeito aos avan\u00e7os em Sa\u00fade P\u00fablica e ao combate e preven\u00e7\u00e3o do Coronav\u00edrus. O prefeito de Penedo Marcius Beltr\u00e3o (PDT) e o secret\u00e1rio de Sa\u00fade, Marcos Beltr\u00e3o, receberam uma parte dos equipamentos destinados \u00e0 montagem de seis leitos de UTI no Hospital Regional da Santa Casa de Miseric\u00f3rdia.<\/p>\n<p><a href=\"https:\/\/oparanews.com.br\/wp-content\/uploads\/2020\/06\/aaaaaaaaaaaaaaaaaaaaaa-108.jpg\"><img loading=\"lazy\" decoding=\"async\" class=\"alignleft size-medium wp-image-7252\" src=\"https:\/\/oparanews.com.br\/wp-content\/uploads\/2020\/06\/aaaaaaaaaaaaaaaaaaaaaa-108-300x198.jpg\" alt=\"\" width=\"300\" height=\"198\" \/><\/a>A iniciativa partiu de uma parceria entre o Governo de Alagoas, a Prefeitura e a Provedoria da entidade hospitalar. \u201cHoje \u00e9 um momento muito importante para Penedo, este dia marca uma realidade esperada por anos, que no passado mais recente quase foi concretizada. Mas, chega de passado, agora \u00e9 momento de falar de presente e futuro. De uma realidade conquistada com muita luta e que contou a participa\u00e7\u00e3o do Governo de Alagoas, Prefeitura de Penedo, Santa Casa e do deputado Marcelo Beltr\u00e3o. Com esses equipamentos, ser\u00e3o montados seis leitos de UTI. Conquistamos com muita luta para o enfrentamento ao Coronav\u00edrus. Mas, ficar\u00e1 como legado para Penedo e regi\u00e3o\u201d, explicou o secret\u00e1rio de Sa\u00fade de Penedo.<\/p>\n<p>&nbsp;<\/p>\n<p><a href=\"https:\/\/oparanews.com.br\/wp-content\/uploads\/2020\/06\/aaaaaaaaaaaaaaaaaaaaaa-109.jpg\"><img loading=\"lazy\" decoding=\"async\" class=\"alignleft size-medium wp-image-7253\" src=\"https:\/\/oparanews.com.br\/wp-content\/uploads\/2020\/06\/aaaaaaaaaaaaaaaaaaaaaa-109-300x200.jpg\" alt=\"\" width=\"300\" height=\"200\" \/><\/a>Entre os equipamentos que chegaram neste s\u00e1bado, 13, est\u00e3o dois respiradores enviados pelo Estado. A Prefeitura de Penedo vai ceder mais dois e a Santa Casa vai entrar com outros dois, podendo a entidade comprar mais um. \u201cEm acordo, decidimos repassar uma parte dos equipamentos que seriam destinados \u00e0 UTI do antigo SEMEP, devido a estrutura da Santa Casa estar mais adiantada. Nada mais justo. Afinal, o prop\u00f3sito de todos \u00e9 lutar pela sa\u00fade do nosso povo. Com isso, j\u00e1 est\u00e3o certos seis leitos de UTI e mais 18 leitos de retaguarda, tudo isso no Regional\u201d, pontuou Marcius Beltr\u00e3o.<\/p>\n<p>&nbsp;<\/p>\n<p><a href=\"https:\/\/oparanews.com.br\/wp-content\/uploads\/2020\/06\/aaaaaaaaaaaaaaaaaaaaaa-110.jpg\"><img loading=\"lazy\" decoding=\"async\" class=\"alignleft size-medium wp-image-7254\" src=\"https:\/\/oparanews.com.br\/wp-content\/uploads\/2020\/06\/aaaaaaaaaaaaaaaaaaaaaa-110-300x204.jpg\" alt=\"\" width=\"300\" height=\"204\" \/><\/a><\/p>\n<p>O chefe de Executivo comemorou o momento: \u201cHoje \u00e9 um momento hist\u00f3rico, devemos comemorar e agradecer. Com esses leitos vamos ampliar a rede de atendimento com a realiza\u00e7\u00e3o de procedimentos de alta complexidade. \u00c9 um legado para Penedo e cidades circunvizinhas. Quero agradecer ao governador Renan Filho (MDB), ao secret\u00e1rio de Estado da Sa\u00fade Alexandre Ayres, ao deputado estadual Marcelo Beltr\u00e3o (PP) e ao vice-provedor da Santa Casa, o biom\u00e9dico Eduardo Regueira, pela sua sensibilidade em entrar nesta luta para tornar tudo realidade\u201d.<\/p>\n<p><strong>ANTIGO SEMEP<\/strong><\/p>\n<p>Com rela\u00e7\u00e3o ao antigo Semep, Marcius Beltr\u00e3o afirmou que as obras seguem em ritmo acelerado. \u201cConseguimos colocar a Santa Casa novamente na regula\u00e7\u00e3o. Mas, afirmo que as obras do antigo Semep seguem. Inclusive, com amplia\u00e7\u00e3o das equipes de trabalho. O objetivo \u00e9 a cria\u00e7\u00e3o de leitos de UTI e mais 40 de retaguarda. Essa \u00e9 mais uma luta que vamos ganhar\u201d, encerrou.<\/p>\n","protected":false},"excerpt":{"rendered":"<p>Na tarde deste s\u00e1bado, 13, um grande passo para Penedo foi concretizado, no que diz respeito aos avan\u00e7os em Sa\u00fade P\u00fablica e ao combate e preven\u00e7\u00e3o do Coronav\u00edrus. O prefeito de Penedo Marcius Beltr\u00e3o (PDT) e o secret\u00e1rio de Sa\u00fade, Marcos Beltr\u00e3o, receberam uma parte dos equipamentos destinados \u00e0 montagem de seis leitos de UTI &hellip;<\/p>\n","protected":false},"author":1,"featured_media":2628,"comment_status":"open","ping_status":"open","sticky":false,"template":"","format":"standard","meta":{"_jetpack_newsletter_access":"","_jetpack_dont_email_post_to_subs":false,"_jetpack_newsletter_tier_id":0,"_jetpack_memberships_contains_paywalled_content":false,"_jetpack_memberships_contains_paid_content":false,"footnotes":""},"categories":[1],"tags":[],"class_list":["post-7251","post","type-post","status-publish","format-standard","has-post-thumbnail","hentry","category-destaque"],"jetpack_sharing_enabled":true,"jetpack_featured_media_url":"","_links":{"self":[{"href":"https:\/\/www.oparanews.com.br\/index.php\/wp-json\/wp\/v2\/posts\/7251","targetHints":{"allow":["GET"]}}],"collection":[{"href":"https:\/\/www.oparanews.com.br\/index.php\/wp-json\/wp\/v2\/posts"}],"about":[{"href":"https:\/\/www.oparanews.com.br\/index.php\/wp-json\/wp\/v2\/types\/post"}],"author":[{"embeddable":true,"href":"https:\/\/www.oparanews.com.br\/index.php\/wp-json\/wp\/v2\/users\/1"}],"replies":[{"embeddable":true,"href":"https:\/\/www.oparanews.com.br\/index.php\/wp-json\/wp\/v2\/comments?post=7251"}],"version-history":[{"count":0,"href":"https:\/\/www.oparanews.com.br\/index.php\/wp-json\/wp\/v2\/posts\/7251\/revisions"}],"wp:attachment":[{"href":"https:\/\/www.oparanews.com.br\/index.php\/wp-json\/wp\/v2\/media?parent=7251"}],"wp:term":[{"taxonomy":"category","embeddable":true,"href":"https:\/\/www.oparanews.com.br\/index.php\/wp-json\/wp\/v2\/categories?post=7251"},{"taxonomy":"post_tag","embeddable":true,"href":"https:\/\/www.oparanews.com.br\/index.php\/wp-json\/wp\/v2\/tags?post=7251"}],"curies":[{"name":"wp","href":"https:\/\/api.w.org\/{rel}","templated":true}]}}