{"id":7258,"date":"2020-06-14T22:00:42","date_gmt":"2020-06-14T22:00:42","guid":{"rendered":"https:\/\/oparanews.com.br\/?p=7258"},"modified":"2020-06-14T22:00:42","modified_gmt":"2020-06-14T22:00:42","slug":"china-registra-maior-numero-de-novos-casos-desde-abril","status":"publish","type":"post","link":"https:\/\/www.oparanews.com.br\/index.php\/2020\/06\/14\/china-registra-maior-numero-de-novos-casos-desde-abril\/","title":{"rendered":"China registra maior n\u00famero de novos casos desde abril"},"content":{"rendered":"<p>A China registrou 57 novos casos do coronav\u00edrus Sars-CoV-2 nas \u00faltimas 24 horas, o maior n\u00famero di\u00e1rio desde abril, provocando preocupa\u00e7\u00e3o de uma segunda onda da covid-19 no pa\u00eds, revelaram as autoridades neste domingo (14).<\/p>\n<p>De acordo com a Comiss\u00e3o Nacional de Sa\u00fade, do n\u00famero total, 36 cont\u00e1gios foram relatados em Pequim e dizem respeito \u00e0s pessoas que tiveram contato direto com o mercado de carnes, frutas e vegetais em Xinfadi, no sul da capital.<\/p>\n<p>Ontem, o maior mercado atacadista de alimentos na capital chinesa foi fechado pelas autoridades sanit\u00e1rias para ser desinfetado.<\/p>\n<p>J\u00e1 outros dois casos foram registrados na prov\u00edncia de Liaoning, no nordeste do pa\u00eds. De acordo com relatos, as pessoas infectadas tiveram contato com os pacientes de Pequim. O n\u00famero restante \u00e9 de pessoas infectadas que retornaram de outros pa\u00edses.<\/p>\n<p>As novas contamina\u00e7\u00f5es provocaram o isolamento de 11 bairros pr\u00f3ximos ao estabelecimento, al\u00e9m do fechamento de escolas e jardins de inf\u00e2ncia. Atividades esportivas, aglomera\u00e7\u00f5es e deslocamentos entre prov\u00edncias tamb\u00e9m foram proibidos.<\/p>\n<p>&nbsp;<\/p>\n<p><strong>Fonte: Terra<\/strong><\/p>\n<p>&nbsp;<\/p>\n","protected":false},"excerpt":{"rendered":"<p>A China registrou 57 novos casos do coronav\u00edrus Sars-CoV-2 nas \u00faltimas 24 horas, o maior n\u00famero di\u00e1rio desde abril, provocando preocupa\u00e7\u00e3o de uma segunda onda da covid-19 no pa\u00eds, revelaram as autoridades neste domingo (14). De acordo com a Comiss\u00e3o Nacional de Sa\u00fade, do n\u00famero total, 36 cont\u00e1gios foram relatados em Pequim e dizem respeito &hellip;<\/p>\n","protected":false},"author":1,"featured_media":7259,"comment_status":"open","ping_status":"open","sticky":false,"template":"","format":"standard","meta":{"_jetpack_newsletter_access":"","_jetpack_dont_email_post_to_subs":false,"_jetpack_newsletter_tier_id":0,"_jetpack_memberships_contains_paywalled_content":false,"_jetpack_memberships_contains_paid_content":false,"footnotes":""},"categories":[1],"tags":[],"class_list":["post-7258","post","type-post","status-publish","format-standard","has-post-thumbnail","hentry","category-destaque"],"jetpack_sharing_enabled":true,"jetpack_featured_media_url":"","_links":{"self":[{"href":"https:\/\/www.oparanews.com.br\/index.php\/wp-json\/wp\/v2\/posts\/7258","targetHints":{"allow":["GET"]}}],"collection":[{"href":"https:\/\/www.oparanews.com.br\/index.php\/wp-json\/wp\/v2\/posts"}],"about":[{"href":"https:\/\/www.oparanews.com.br\/index.php\/wp-json\/wp\/v2\/types\/post"}],"author":[{"embeddable":true,"href":"https:\/\/www.oparanews.com.br\/index.php\/wp-json\/wp\/v2\/users\/1"}],"replies":[{"embeddable":true,"href":"https:\/\/www.oparanews.com.br\/index.php\/wp-json\/wp\/v2\/comments?post=7258"}],"version-history":[{"count":0,"href":"https:\/\/www.oparanews.com.br\/index.php\/wp-json\/wp\/v2\/posts\/7258\/revisions"}],"wp:attachment":[{"href":"https:\/\/www.oparanews.com.br\/index.php\/wp-json\/wp\/v2\/media?parent=7258"}],"wp:term":[{"taxonomy":"category","embeddable":true,"href":"https:\/\/www.oparanews.com.br\/index.php\/wp-json\/wp\/v2\/categories?post=7258"},{"taxonomy":"post_tag","embeddable":true,"href":"https:\/\/www.oparanews.com.br\/index.php\/wp-json\/wp\/v2\/tags?post=7258"}],"curies":[{"name":"wp","href":"https:\/\/api.w.org\/{rel}","templated":true}]}}