{"id":7264,"date":"2020-06-14T22:06:40","date_gmt":"2020-06-14T22:06:40","guid":{"rendered":"https:\/\/oparanews.com.br\/?p=7264"},"modified":"2020-06-14T22:06:40","modified_gmt":"2020-06-14T22:06:40","slug":"real-madrid-vence-e-fica-na-cola-do-barca-por-lideranca","status":"publish","type":"post","link":"https:\/\/www.oparanews.com.br\/index.php\/2020\/06\/14\/real-madrid-vence-e-fica-na-cola-do-barca-por-lideranca\/","title":{"rendered":"Real Madrid vence e fica na cola do Bar\u00e7a por lideran\u00e7a"},"content":{"rendered":"<p>Pressionado ap\u00f3s a goleada do Barcelona no s\u00e1bado, o Real Madrid tamb\u00e9m fez bonito e venceu em seu retorno ao Campeonato Espanhol p\u00f3s-paralisa\u00e7\u00e3o. Os merengues bateram o Eibar por 3 a 1, com gols de Kroos, Sergio Ramos e Marcelo; Bigas descontou.<\/p>\n<p>Com o triunfo, a equipe da capital manteve a diferen\u00e7a de dois pontos para o l\u00edder Bar\u00e7a; agora os madrilenhos t\u00eam 59, contra 61 dos catal\u00e3es. J\u00e1 o Eibar estacionou na 16\u00aa coloca\u00e7\u00e3o com 27 pontos, dois acima do Mallorca, primeiro time da zona de rebaixamento.<\/p>\n<p>Com port\u00f5es fechados, o Real preferiu mandar a partida no Est\u00e1dio Alfredo Di St\u00e9fano, no centro de treinamentos do clube, enquanto finaliza reformas no Santiago Bernab\u00e9u.<\/p>\n<p>Os brasileiros Marcelo, Casemiro e Rodrygo foram titulares na equipe de Zidane. Outra novidade foi a entrada de Hazard, que perdeu boa parte da temporada por les\u00e3o. \u00c9der Milit\u00e3o e Vin\u00edcius J\u00fanior entraram na segunda etapa.<\/p>\n<p>&nbsp;<\/p>\n<p><strong>Fonte: Terra<\/strong><\/p>\n<p>&nbsp;<\/p>\n","protected":false},"excerpt":{"rendered":"<p>Pressionado ap\u00f3s a goleada do Barcelona no s\u00e1bado, o Real Madrid tamb\u00e9m fez bonito e venceu em seu retorno ao Campeonato Espanhol p\u00f3s-paralisa\u00e7\u00e3o. Os merengues bateram o Eibar por 3 a 1, com gols de Kroos, Sergio Ramos e Marcelo; Bigas descontou. Com o triunfo, a equipe da capital manteve a diferen\u00e7a de dois pontos &hellip;<\/p>\n","protected":false},"author":1,"featured_media":7265,"comment_status":"open","ping_status":"open","sticky":false,"template":"","format":"standard","meta":{"_jetpack_newsletter_access":"","_jetpack_dont_email_post_to_subs":false,"_jetpack_newsletter_tier_id":0,"_jetpack_memberships_contains_paywalled_content":false,"_jetpack_memberships_contains_paid_content":false,"footnotes":""},"categories":[1],"tags":[],"class_list":["post-7264","post","type-post","status-publish","format-standard","has-post-thumbnail","hentry","category-destaque"],"jetpack_sharing_enabled":true,"jetpack_featured_media_url":"","_links":{"self":[{"href":"https:\/\/www.oparanews.com.br\/index.php\/wp-json\/wp\/v2\/posts\/7264","targetHints":{"allow":["GET"]}}],"collection":[{"href":"https:\/\/www.oparanews.com.br\/index.php\/wp-json\/wp\/v2\/posts"}],"about":[{"href":"https:\/\/www.oparanews.com.br\/index.php\/wp-json\/wp\/v2\/types\/post"}],"author":[{"embeddable":true,"href":"https:\/\/www.oparanews.com.br\/index.php\/wp-json\/wp\/v2\/users\/1"}],"replies":[{"embeddable":true,"href":"https:\/\/www.oparanews.com.br\/index.php\/wp-json\/wp\/v2\/comments?post=7264"}],"version-history":[{"count":0,"href":"https:\/\/www.oparanews.com.br\/index.php\/wp-json\/wp\/v2\/posts\/7264\/revisions"}],"wp:attachment":[{"href":"https:\/\/www.oparanews.com.br\/index.php\/wp-json\/wp\/v2\/media?parent=7264"}],"wp:term":[{"taxonomy":"category","embeddable":true,"href":"https:\/\/www.oparanews.com.br\/index.php\/wp-json\/wp\/v2\/categories?post=7264"},{"taxonomy":"post_tag","embeddable":true,"href":"https:\/\/www.oparanews.com.br\/index.php\/wp-json\/wp\/v2\/tags?post=7264"}],"curies":[{"name":"wp","href":"https:\/\/api.w.org\/{rel}","templated":true}]}}