{"id":7279,"date":"2020-06-15T18:25:12","date_gmt":"2020-06-15T18:25:12","guid":{"rendered":"https:\/\/oparanews.com.br\/?p=7279"},"modified":"2020-06-15T18:25:12","modified_gmt":"2020-06-15T18:25:12","slug":"sara-winter-e-presa-pela-policia-federal-em-brasilia","status":"publish","type":"post","link":"https:\/\/www.oparanews.com.br\/index.php\/2020\/06\/15\/sara-winter-e-presa-pela-policia-federal-em-brasilia\/","title":{"rendered":"Sara Winter \u00e9 presa pela Pol\u00edcia Federal em Bras\u00edlia"},"content":{"rendered":"<p>A militante bolsonarista Sara Winter, l\u00edder do movimento conhecido como &#8216;300 do Brasil&#8217;, foi presa na manh\u00e3 desta segunda-feira, 15, durante uma opera\u00e7\u00e3o da Pol\u00edcia Federal em Bras\u00edlia. Winter \u00e9 alvo do inqu\u00e9rito das fake news, conduzido pelo Supremo Tribunal Federal (STF), com relatoria do ministro Alexandre de Moraes.<\/p>\n<p>Durante o fim de semana, o grupo de Winter esteve envolvido em uma s\u00e9rie de atos contra o STF e o Congresso. No s\u00e1bado, 13, o governo do DF desmontou o acampamento bolsonarista na Esplanada dos Minist\u00e9rios. Al\u00e9m de descumprirem o decreto de isolamento em vigor na capital federal, os &#8216;300 do Brasil&#8217; tamb\u00e9m s\u00e3o alvo de investiga\u00e7\u00f5es do Minist\u00e9rio P\u00fablico por suspeita de porte de arma.<\/p>\n<p>Ex-assessora de confian\u00e7a da ministra da Mulher, da Fam\u00edlia e dos Direitos Humanos, Damares Alves, Winter protestou contra o fim do acampamento pelo Twitter. &#8220;Hoje \u00e0s 6 (horas) da manh\u00e3 a PMDF junto \u00e0 Secretaria de Seguran\u00e7a desmantelou baixo (sic) g\u00e1s de pimenta e agress\u00f5es. Barracas, geradores, tendas, tudo tomado \u00e0 for\u00e7a! A milit\u00e2ncia bolsonarista foi destru\u00edda hoje. Presidente, reaja!&#8221;<\/p>\n<p>Ap\u00f3s o desmantelamento do acampamento, integrantes do grupo invadiu a parte de cima da c\u00fapula do Congresso, pelo lado do Senado Federal, onde \u00e9 proibido o acesso ao p\u00fablico. Eles ficaram no local por cerca de 30 minutos. Depois, ocuparam o gramado em frente ao espelho d&#8217;\u00e1gua do Congresso.<\/p>\n<p><strong>Fonte: Terra<\/strong><\/p>\n<p>&nbsp;<\/p>\n","protected":false},"excerpt":{"rendered":"<p>A militante bolsonarista Sara Winter, l\u00edder do movimento conhecido como &#8216;300 do Brasil&#8217;, foi presa na manh\u00e3 desta segunda-feira, 15, durante uma opera\u00e7\u00e3o da Pol\u00edcia Federal em Bras\u00edlia. Winter \u00e9 alvo do inqu\u00e9rito das fake news, conduzido pelo Supremo Tribunal Federal (STF), com relatoria do ministro Alexandre de Moraes. Durante o fim de semana, o &hellip;<\/p>\n","protected":false},"author":1,"featured_media":7280,"comment_status":"open","ping_status":"open","sticky":false,"template":"","format":"standard","meta":{"_jetpack_newsletter_access":"","_jetpack_dont_email_post_to_subs":false,"_jetpack_newsletter_tier_id":0,"_jetpack_memberships_contains_paywalled_content":false,"_jetpack_memberships_contains_paid_content":false,"footnotes":""},"categories":[1],"tags":[],"class_list":["post-7279","post","type-post","status-publish","format-standard","has-post-thumbnail","hentry","category-destaque"],"jetpack_sharing_enabled":true,"jetpack_featured_media_url":"","_links":{"self":[{"href":"https:\/\/www.oparanews.com.br\/index.php\/wp-json\/wp\/v2\/posts\/7279","targetHints":{"allow":["GET"]}}],"collection":[{"href":"https:\/\/www.oparanews.com.br\/index.php\/wp-json\/wp\/v2\/posts"}],"about":[{"href":"https:\/\/www.oparanews.com.br\/index.php\/wp-json\/wp\/v2\/types\/post"}],"author":[{"embeddable":true,"href":"https:\/\/www.oparanews.com.br\/index.php\/wp-json\/wp\/v2\/users\/1"}],"replies":[{"embeddable":true,"href":"https:\/\/www.oparanews.com.br\/index.php\/wp-json\/wp\/v2\/comments?post=7279"}],"version-history":[{"count":0,"href":"https:\/\/www.oparanews.com.br\/index.php\/wp-json\/wp\/v2\/posts\/7279\/revisions"}],"wp:attachment":[{"href":"https:\/\/www.oparanews.com.br\/index.php\/wp-json\/wp\/v2\/media?parent=7279"}],"wp:term":[{"taxonomy":"category","embeddable":true,"href":"https:\/\/www.oparanews.com.br\/index.php\/wp-json\/wp\/v2\/categories?post=7279"},{"taxonomy":"post_tag","embeddable":true,"href":"https:\/\/www.oparanews.com.br\/index.php\/wp-json\/wp\/v2\/tags?post=7279"}],"curies":[{"name":"wp","href":"https:\/\/api.w.org\/{rel}","templated":true}]}}