{"id":7282,"date":"2020-06-15T18:27:13","date_gmt":"2020-06-15T18:27:13","guid":{"rendered":"https:\/\/oparanews.com.br\/?p=7282"},"modified":"2020-06-15T18:27:13","modified_gmt":"2020-06-15T18:27:13","slug":"prefeitura-de-penedo-lanca-cadastro-para-artistas-e-produtores-culturais-receberem-auxilio","status":"publish","type":"post","link":"https:\/\/www.oparanews.com.br\/index.php\/2020\/06\/15\/prefeitura-de-penedo-lanca-cadastro-para-artistas-e-produtores-culturais-receberem-auxilio\/","title":{"rendered":"Prefeitura de Penedo lan\u00e7a cadastro para artistas e produtores culturais receberem aux\u00edlio"},"content":{"rendered":"<p>A aprova\u00e7\u00e3o da Lei de Emerg\u00eancia Cultural Aldir Blanc, pelo Congresso Nacional, trouxe esperan\u00e7a para artistas e produtores culturais de baixa renda que n\u00e3o conseguiram receber o aux\u00edlio emergencial criado em fun\u00e7\u00e3o da pandemia do coronav\u00edrus (Covid-19).<\/p>\n<p>O repasse mensal no valor de R$ 600,00 ainda depende da san\u00e7\u00e3o do presidente Jair Bolsonaro e atender\u00e1 quem trabalha no setor cultural h\u00e1 pelo menos dois anos, desde que n\u00e3o tenha emprego formal, seguro-desemprego ou receba benef\u00edcio de programa de transfer\u00eancia de renda, exceto o Bolsa Fam\u00edlia.<\/p>\n<p>De autoria da deputada Jandira Feghali (PC do B\/RJ), a Lei Aldir Blanc limita o benef\u00edcio para dois membros da mesma fam\u00edlia, sendo que mulher que mant\u00e9m a casa sozinha receber\u00e1 o valor em dobro.<\/p>\n<p>Cadastro<\/p>\n<p>Considerando que a base de dados para sele\u00e7\u00e3o de beneficiados pelo aux\u00edlio emergencial \u00e9 a lista do Cad\u00danico, as prefeituras precisam ter um cadastro local de artistas e produtores culturais, ferramenta que a Prefeitura de Penedo j\u00e1 disponibiliza desde o ano passado.<\/p>\n<p>Por meio da Secretaria Municipal de Cultura, Lazer, Esporte e Juventude (Seclej), todo artista, artes\u00e3o ou grupo cultural de Penedo pode ter sua atividade registrada no cadastro online.<\/p>\n<p><a href=\"https:\/\/penedo.al.gov.br\/2019\/06\/17\/secult-penedo-inicia-programa-de-cadastramento-cultural\/\"><strong>Confira aqui o Programa de Cadastramento Cultural lan\u00e7ada pela Prefeitura de Penedo<\/strong><\/a><\/p>\n<p>O mapeamento cultural de artes\u00e3os e artistas penedenses \u00e9 atualizado, ferramenta cujas informa\u00e7\u00f5es j\u00e1 servem para o trabalho que ganha refor\u00e7o com mais um endere\u00e7o para inscri\u00e7\u00e3o gratuita<\/p>\n<p>Para acessar o cadastro, clique no link <a href=\"https:\/\/penedo.al.gov.br\/cadastro-cultural\/\"><strong>https:\/\/penedo.al.gov.br\/cadastro-cultural\/<\/strong><\/a><\/p>\n<p><strong>por Fernando Vin\u00edcius \u2013 Decom PMP<\/strong><\/p>\n","protected":false},"excerpt":{"rendered":"<p>A aprova\u00e7\u00e3o da Lei de Emerg\u00eancia Cultural Aldir Blanc, pelo Congresso Nacional, trouxe esperan\u00e7a para artistas e produtores culturais de baixa renda que n\u00e3o conseguiram receber o aux\u00edlio emergencial criado em fun\u00e7\u00e3o da pandemia do coronav\u00edrus (Covid-19). O repasse mensal no valor de R$ 600,00 ainda depende da san\u00e7\u00e3o do presidente Jair Bolsonaro e atender\u00e1 &hellip;<\/p>\n","protected":false},"author":1,"featured_media":7283,"comment_status":"open","ping_status":"open","sticky":false,"template":"","format":"standard","meta":{"_jetpack_newsletter_access":"","_jetpack_dont_email_post_to_subs":false,"_jetpack_newsletter_tier_id":0,"_jetpack_memberships_contains_paywalled_content":false,"_jetpack_memberships_contains_paid_content":false,"footnotes":""},"categories":[1],"tags":[],"class_list":["post-7282","post","type-post","status-publish","format-standard","has-post-thumbnail","hentry","category-destaque"],"jetpack_sharing_enabled":true,"jetpack_featured_media_url":"","_links":{"self":[{"href":"https:\/\/www.oparanews.com.br\/index.php\/wp-json\/wp\/v2\/posts\/7282","targetHints":{"allow":["GET"]}}],"collection":[{"href":"https:\/\/www.oparanews.com.br\/index.php\/wp-json\/wp\/v2\/posts"}],"about":[{"href":"https:\/\/www.oparanews.com.br\/index.php\/wp-json\/wp\/v2\/types\/post"}],"author":[{"embeddable":true,"href":"https:\/\/www.oparanews.com.br\/index.php\/wp-json\/wp\/v2\/users\/1"}],"replies":[{"embeddable":true,"href":"https:\/\/www.oparanews.com.br\/index.php\/wp-json\/wp\/v2\/comments?post=7282"}],"version-history":[{"count":0,"href":"https:\/\/www.oparanews.com.br\/index.php\/wp-json\/wp\/v2\/posts\/7282\/revisions"}],"wp:attachment":[{"href":"https:\/\/www.oparanews.com.br\/index.php\/wp-json\/wp\/v2\/media?parent=7282"}],"wp:term":[{"taxonomy":"category","embeddable":true,"href":"https:\/\/www.oparanews.com.br\/index.php\/wp-json\/wp\/v2\/categories?post=7282"},{"taxonomy":"post_tag","embeddable":true,"href":"https:\/\/www.oparanews.com.br\/index.php\/wp-json\/wp\/v2\/tags?post=7282"}],"curies":[{"name":"wp","href":"https:\/\/api.w.org\/{rel}","templated":true}]}}