{"id":7285,"date":"2020-06-15T18:27:59","date_gmt":"2020-06-15T18:27:59","guid":{"rendered":"https:\/\/oparanews.com.br\/?p=7285"},"modified":"2020-06-15T18:27:59","modified_gmt":"2020-06-15T18:27:59","slug":"ocupacao-dos-leitos-de-uti-para-covid-19-cai-para-79-em-alagoas","status":"publish","type":"post","link":"https:\/\/www.oparanews.com.br\/index.php\/2020\/06\/15\/ocupacao-dos-leitos-de-uti-para-covid-19-cai-para-79-em-alagoas\/","title":{"rendered":"Ocupa\u00e7\u00e3o dos leitos de UTI para Covid-19 cai para 79% em Alagoas"},"content":{"rendered":"<p>A taxa de ocupa\u00e7\u00e3o dos leitos de UTI exclusivos para Covid-19 em Alagoas caiu para 79% nesta segunda-feira (15). \u00c9 a primeira vez que esse \u00edndice fica abaixo de 80% nos \u00faltimos cinco dias. A ocupa\u00e7\u00e3o de leitos em Alagoas \u00e9 divulgada diariamente pela Secretaria de Estado da Sa\u00fade (Sesau).<\/p>\n<p>Durante o m\u00eas de junho, o percentual de ocupa\u00e7\u00e3o vem sofrendo varia\u00e7\u00f5es para mais e para menos. O maior registro foi no \u00faltimo s\u00e1bado (13), quando chegou a 86% ap\u00f3s a terceira alta seguida. No dia seguinte, houve uma redu\u00e7\u00e3o (83%) e nesta manh\u00e3, at\u00e9 as 11 horas, caiu ainda mais.<\/p>\n<p>Alagoas conta, atualmente, com 1.085 leitos que est\u00e3o \u00e0 disposi\u00e7\u00e3o da popula\u00e7\u00e3o nos seguintes munic\u00edpios:<\/p>\n<p><strong>Macei\u00f3;<\/strong><br \/>\n<strong>Arapiraca;<\/strong><br \/>\n<strong>Coruripe;<\/strong><br \/>\n<strong>S\u00e3o Miguel dos Campos;<\/strong><br \/>\n<strong>Rio Largo;<\/strong><br \/>\n<strong>Vi\u00e7osa;<\/strong><br \/>\n<strong>Maragogi;<\/strong><br \/>\n<strong>Marechal Deodoro;<\/strong><br \/>\n<strong>Palmeira dos \u00cdndios;<\/strong><br \/>\n<strong>Penedo;<\/strong><br \/>\n<strong>Delmiro Gouveia.<\/strong><\/p>\n<p>Deste total, 219 s\u00e3o de Unidade de Terapia Intensiva (UTI); 31 s\u00e3o intermedi\u00e1rios e localizados nas UPAS; e 835 s\u00e3o leitos cl\u00ednicos.<\/p>\n<p>Macei\u00f3 tamb\u00e9m registrou queda por\u00e9m, ainda discreta. No \u00faltimo s\u00e1bado o percentual era de 85%. Caiu para 82% no domingo e nesta segunda caiu de novo, para 81%. Apenas as cidades de S\u00e3o Miguel dos Campos e Palmeira dos \u00cdndios registraram alta m\u00e1xima, com 100% de ocupa\u00e7\u00e3o dos leitos de UTI.<\/p>\n<p>Para tentar conter o avan\u00e7o do cont\u00e1gio, o governo de Alagoas prorrogou as medidas de isolamento at\u00e9 o dia 22 de junho, quando deve come\u00e7ar um plano gradual de retomada do setor produtivo, conforme anunciou o governador Renan Filho. J\u00e1 a prefeitura de Macei\u00f3 prorrogou as medidas at\u00e9 o dia 24, mas flexibilizou as regras para \u00f4nibus e profissionais de educa\u00e7\u00e3o f\u00edsica.<\/p>\n<p><strong>Fonte: G1\/AL<\/strong><\/p>\n<p>&nbsp;<\/p>\n","protected":false},"excerpt":{"rendered":"<p>A taxa de ocupa\u00e7\u00e3o dos leitos de UTI exclusivos para Covid-19 em Alagoas caiu para 79% nesta segunda-feira (15). \u00c9 a primeira vez que esse \u00edndice fica abaixo de 80% nos \u00faltimos cinco dias. A ocupa\u00e7\u00e3o de leitos em Alagoas \u00e9 divulgada diariamente pela Secretaria de Estado da Sa\u00fade (Sesau). Durante o m\u00eas de junho, &hellip;<\/p>\n","protected":false},"author":1,"featured_media":7286,"comment_status":"open","ping_status":"open","sticky":false,"template":"","format":"standard","meta":{"_jetpack_newsletter_access":"","_jetpack_dont_email_post_to_subs":false,"_jetpack_newsletter_tier_id":0,"_jetpack_memberships_contains_paywalled_content":false,"_jetpack_memberships_contains_paid_content":false,"footnotes":""},"categories":[1],"tags":[],"class_list":["post-7285","post","type-post","status-publish","format-standard","has-post-thumbnail","hentry","category-destaque"],"jetpack_sharing_enabled":true,"jetpack_featured_media_url":"","_links":{"self":[{"href":"https:\/\/www.oparanews.com.br\/index.php\/wp-json\/wp\/v2\/posts\/7285","targetHints":{"allow":["GET"]}}],"collection":[{"href":"https:\/\/www.oparanews.com.br\/index.php\/wp-json\/wp\/v2\/posts"}],"about":[{"href":"https:\/\/www.oparanews.com.br\/index.php\/wp-json\/wp\/v2\/types\/post"}],"author":[{"embeddable":true,"href":"https:\/\/www.oparanews.com.br\/index.php\/wp-json\/wp\/v2\/users\/1"}],"replies":[{"embeddable":true,"href":"https:\/\/www.oparanews.com.br\/index.php\/wp-json\/wp\/v2\/comments?post=7285"}],"version-history":[{"count":0,"href":"https:\/\/www.oparanews.com.br\/index.php\/wp-json\/wp\/v2\/posts\/7285\/revisions"}],"wp:attachment":[{"href":"https:\/\/www.oparanews.com.br\/index.php\/wp-json\/wp\/v2\/media?parent=7285"}],"wp:term":[{"taxonomy":"category","embeddable":true,"href":"https:\/\/www.oparanews.com.br\/index.php\/wp-json\/wp\/v2\/categories?post=7285"},{"taxonomy":"post_tag","embeddable":true,"href":"https:\/\/www.oparanews.com.br\/index.php\/wp-json\/wp\/v2\/tags?post=7285"}],"curies":[{"name":"wp","href":"https:\/\/api.w.org\/{rel}","templated":true}]}}