{"id":7288,"date":"2020-06-16T00:32:38","date_gmt":"2020-06-16T00:32:38","guid":{"rendered":"https:\/\/oparanews.com.br\/?p=7288"},"modified":"2020-06-16T00:32:38","modified_gmt":"2020-06-16T00:32:38","slug":"prefeitura-de-penedo-renova-medidas-em-combate-ao-novo-coronavirus","status":"publish","type":"post","link":"https:\/\/www.oparanews.com.br\/index.php\/2020\/06\/16\/prefeitura-de-penedo-renova-medidas-em-combate-ao-novo-coronavirus\/","title":{"rendered":"Prefeitura de Penedo renova medidas em combate ao novo Coronav\u00edrus"},"content":{"rendered":"<p>A Prefeitura de Penedo publicou no Di\u00e1rio Oficial do Munic\u00edpio nesta segunda-feira (15), o Decreto Municipal N\u00ba 686, que atualiza as medidas para o enfrentamento da Emerg\u00eancia de Sa\u00fade P\u00fablica de Import\u00e2ncia Internacional decorrente do COVID \u2013 19 (Coronav\u00edrus) no \u00e2mbito do Munic\u00edpio de Penedo, em conson\u00e2ncia com o Decreto Estadual n.\u00ba 70.066, de 09 de junho de 2020.<\/p>\n<p>O decreto assinado pelo Prefeito Marcius Beltr\u00e3o mant\u00e9m em vigor de forma ininterrupta at\u00e9 o pr\u00f3ximo 23 de junho, as medidas tempor\u00e1rias em combate a pandemia mundial previstas nos Decretos Municipais de n.\u00bas 669\/2020, 670\/2020, 671\/2020, 673\/2020 , 676\/2020 e 680\/2020.<\/p>\n<p>Restri\u00e7\u00f5es<\/p>\n<p>A renova\u00e7\u00e3o do decreto municipal considera a necessidade de alinhamento das medidas tomadas pelos entes federativos no combate ao covid-19, promovendo o isolamento social como forma de evitar a propaga\u00e7\u00e3o da doen\u00e7a.<\/p>\n<p>Dessa forma a Prefeitura de Penedo orienta a popula\u00e7\u00e3o a permanecer em casa, saindo apenas nos casos de inevit\u00e1vel necessidade. Salienta-se que nas \u00faltimas semanas tem crescido os casos de Covid-19 no munic\u00edpio, sendo preciso que a popula\u00e7\u00e3o permane\u00e7a consciente dos perigos da doen\u00e7a que podem levar ao \u00f3bito.<\/p>\n<p>Continuam proibidos o funcionamento de diversos tipos de estabelecimentos comerciais a exemplo de bares, restaurantes, lanchonetes e estabelecimentos cong\u00eaneres, eventos e exposi\u00e7\u00f5es, assim como o transporte coletivo municipal e o transporte intermunicipal rodovi\u00e1rio.<\/p>\n<p>Est\u00e3o liberados da proibi\u00e7\u00e3o papelarias, livrarias, bancas de revista, lojas de material de limpeza, concession\u00e1rias de ve\u00edculos, al\u00e9m de lojas de aviamentos e tecidos, farm\u00e1cias entre outros representando uma reabertura gradativa e segura da atividade comercial. Esses estabelecimentos dever\u00e3o adotar medidas preventivas para evitar cont\u00e1gio entre seus funcion\u00e1rios e evitar aglomera\u00e7\u00e3o de clientes, entre esses a ado\u00e7\u00e3o da distancia m\u00ednima entre clientes e o uso de m\u00e1scaras e \u00e1lcool em gel.<\/p>\n<p>O novo decreto municipal pode ser acessado pelo seguinte <a href=\"https:\/\/io.org.br\/al\/penedo\/prefeitura\/diarioOficial\/download\/11064\/1402\/73314CE31D92474505967288939F6FB9CC822F12\"><strong>link<\/strong><\/a><\/p>\n<p>&nbsp;<\/p>\n<p><strong>por\u00a0 Thiago Sobral &#8211; Decom-PMP<\/strong><\/p>\n<p>&nbsp;<\/p>\n","protected":false},"excerpt":{"rendered":"<p>A Prefeitura de Penedo publicou no Di\u00e1rio Oficial do Munic\u00edpio nesta segunda-feira (15), o Decreto Municipal N\u00ba 686, que atualiza as medidas para o enfrentamento da Emerg\u00eancia de Sa\u00fade P\u00fablica de Import\u00e2ncia Internacional decorrente do COVID \u2013 19 (Coronav\u00edrus) no \u00e2mbito do Munic\u00edpio de Penedo, em conson\u00e2ncia com o Decreto Estadual n.\u00ba 70.066, de 09 &hellip;<\/p>\n","protected":false},"author":1,"featured_media":7289,"comment_status":"open","ping_status":"open","sticky":false,"template":"","format":"standard","meta":{"_jetpack_newsletter_access":"","_jetpack_dont_email_post_to_subs":false,"_jetpack_newsletter_tier_id":0,"_jetpack_memberships_contains_paywalled_content":false,"_jetpack_memberships_contains_paid_content":false,"footnotes":""},"categories":[1],"tags":[],"class_list":["post-7288","post","type-post","status-publish","format-standard","has-post-thumbnail","hentry","category-destaque"],"jetpack_sharing_enabled":true,"jetpack_featured_media_url":"","_links":{"self":[{"href":"https:\/\/www.oparanews.com.br\/index.php\/wp-json\/wp\/v2\/posts\/7288","targetHints":{"allow":["GET"]}}],"collection":[{"href":"https:\/\/www.oparanews.com.br\/index.php\/wp-json\/wp\/v2\/posts"}],"about":[{"href":"https:\/\/www.oparanews.com.br\/index.php\/wp-json\/wp\/v2\/types\/post"}],"author":[{"embeddable":true,"href":"https:\/\/www.oparanews.com.br\/index.php\/wp-json\/wp\/v2\/users\/1"}],"replies":[{"embeddable":true,"href":"https:\/\/www.oparanews.com.br\/index.php\/wp-json\/wp\/v2\/comments?post=7288"}],"version-history":[{"count":0,"href":"https:\/\/www.oparanews.com.br\/index.php\/wp-json\/wp\/v2\/posts\/7288\/revisions"}],"wp:attachment":[{"href":"https:\/\/www.oparanews.com.br\/index.php\/wp-json\/wp\/v2\/media?parent=7288"}],"wp:term":[{"taxonomy":"category","embeddable":true,"href":"https:\/\/www.oparanews.com.br\/index.php\/wp-json\/wp\/v2\/categories?post=7288"},{"taxonomy":"post_tag","embeddable":true,"href":"https:\/\/www.oparanews.com.br\/index.php\/wp-json\/wp\/v2\/tags?post=7288"}],"curies":[{"name":"wp","href":"https:\/\/api.w.org\/{rel}","templated":true}]}}