{"id":7296,"date":"2020-06-16T01:20:06","date_gmt":"2020-06-16T01:20:06","guid":{"rendered":"https:\/\/oparanews.com.br\/?p=7296"},"modified":"2020-06-16T01:20:06","modified_gmt":"2020-06-16T01:20:06","slug":"farmaceutica-inicia-teste-de-remedio-contra-covid-19","status":"publish","type":"post","link":"https:\/\/www.oparanews.com.br\/index.php\/2020\/06\/16\/farmaceutica-inicia-teste-de-remedio-contra-covid-19\/","title":{"rendered":"Farmac\u00eautica inicia teste de rem\u00e9dio contra covid-19"},"content":{"rendered":"<p>A Eli Lilly and Co disse nesta segunda-feira, 15, que est\u00e1 iniciando um teste com seu rem\u00e9dio contra artrite reumatoide baricitinib em pacientes hospitalizados com covid-19.<\/p>\n<p>O teste \u00e9 um de v\u00e1rios esfor\u00e7os da empresa farmac\u00eautica norte-americana para ajudar a combater a pandemia de coronav\u00edrus, que j\u00e1 matou mais de 400 mil pessoas em todo o mundo, de acordo com uma contagem da Reuters.<\/p>\n<p>O rem\u00e9dio est\u00e1 sendo testado para se saber se ele diminui as mortes por covid-19 e atenua sua severidade. Cientistas da Lilly acreditam que o baricitinib pode ajudar a suprimir uma rea\u00e7\u00e3o imunol\u00f3gica potencialmente letal \u00e0 covid-19 chamada &#8220;tempestade de citocina&#8221; e reduzir a capacidade da doen\u00e7a de se reproduzir em c\u00e9lulas infectadas.<\/p>\n<p>O teste come\u00e7ou a administrar o medicamento a pacientes na semana passada, e planeja recrutar cerca de 400 pacientes ao redor do globo. Existe a possibilidade de a Lilly obter uma aprova\u00e7\u00e3o regulat\u00f3ria para o rem\u00e9dio nos Estados Unidos j\u00e1 em agosto, disse Patrik Jonsson, o presidente da Lilly Bio-Medicines, \u00e0 Reuters em uma entrevista.<\/p>\n<p>A farmac\u00eautica tamb\u00e9m est\u00e1 trabalhando com os Institutos Nacionais de Sa\u00fade dos EUA para estudar o baricitinib, vendido com o nome Olumiant, em parceria com o remdesivir, um rem\u00e9dio antiviral da Gilead Sciences Inc. Este estudo come\u00e7ou a recrutar pacientes no m\u00eas passado.<\/p>\n<p>A Ag\u00eancia de Alimentos e Rem\u00e9dios dos EUA permitiu o uso emergencial do remdesivir no m\u00eas passado, citando resultados de um estudo do governo que mostrou que o medicamento diminuiu as interna\u00e7\u00f5es hospitalares em 31%, ou cerca de quatro dias, quando comparada com um placebo.<\/p>\n<p>A Lilly pode receber aprova\u00e7\u00e3o para usar o baricitinib combinado com o remdesivir at\u00e9 julho, segundo Jonsson.<\/p>\n<p>Separadamente, a Lilly poderia ter um rem\u00e9dio concebido especificamente para tratar covid-19 autorizado j\u00e1 em setembro se tudo correr bem com uma das duas terapias de anticorpos que est\u00e1 testando, disse seu cientista-chefe \u00e0 Reuters na semana passada.<\/p>\n<p>&nbsp;<\/p>\n<p><strong>Fonte: Terra<\/strong><\/p>\n<p>&nbsp;<\/p>\n","protected":false},"excerpt":{"rendered":"<p>A Eli Lilly and Co disse nesta segunda-feira, 15, que est\u00e1 iniciando um teste com seu rem\u00e9dio contra artrite reumatoide baricitinib em pacientes hospitalizados com covid-19. O teste \u00e9 um de v\u00e1rios esfor\u00e7os da empresa farmac\u00eautica norte-americana para ajudar a combater a pandemia de coronav\u00edrus, que j\u00e1 matou mais de 400 mil pessoas em todo &hellip;<\/p>\n","protected":false},"author":1,"featured_media":7297,"comment_status":"open","ping_status":"open","sticky":false,"template":"","format":"standard","meta":{"_jetpack_newsletter_access":"","_jetpack_dont_email_post_to_subs":false,"_jetpack_newsletter_tier_id":0,"_jetpack_memberships_contains_paywalled_content":false,"_jetpack_memberships_contains_paid_content":false,"footnotes":""},"categories":[1],"tags":[],"class_list":["post-7296","post","type-post","status-publish","format-standard","has-post-thumbnail","hentry","category-destaque"],"jetpack_sharing_enabled":true,"jetpack_featured_media_url":"","_links":{"self":[{"href":"https:\/\/www.oparanews.com.br\/index.php\/wp-json\/wp\/v2\/posts\/7296","targetHints":{"allow":["GET"]}}],"collection":[{"href":"https:\/\/www.oparanews.com.br\/index.php\/wp-json\/wp\/v2\/posts"}],"about":[{"href":"https:\/\/www.oparanews.com.br\/index.php\/wp-json\/wp\/v2\/types\/post"}],"author":[{"embeddable":true,"href":"https:\/\/www.oparanews.com.br\/index.php\/wp-json\/wp\/v2\/users\/1"}],"replies":[{"embeddable":true,"href":"https:\/\/www.oparanews.com.br\/index.php\/wp-json\/wp\/v2\/comments?post=7296"}],"version-history":[{"count":0,"href":"https:\/\/www.oparanews.com.br\/index.php\/wp-json\/wp\/v2\/posts\/7296\/revisions"}],"wp:attachment":[{"href":"https:\/\/www.oparanews.com.br\/index.php\/wp-json\/wp\/v2\/media?parent=7296"}],"wp:term":[{"taxonomy":"category","embeddable":true,"href":"https:\/\/www.oparanews.com.br\/index.php\/wp-json\/wp\/v2\/categories?post=7296"},{"taxonomy":"post_tag","embeddable":true,"href":"https:\/\/www.oparanews.com.br\/index.php\/wp-json\/wp\/v2\/tags?post=7296"}],"curies":[{"name":"wp","href":"https:\/\/api.w.org\/{rel}","templated":true}]}}