{"id":7299,"date":"2020-06-16T15:05:12","date_gmt":"2020-06-16T15:05:12","guid":{"rendered":"https:\/\/oparanews.com.br\/?p=7299"},"modified":"2020-06-16T15:05:12","modified_gmt":"2020-06-16T15:05:12","slug":"morre-o-bispo-dom-valerio-breda-da-diocese-de-penedo","status":"publish","type":"post","link":"https:\/\/www.oparanews.com.br\/index.php\/2020\/06\/16\/morre-o-bispo-dom-valerio-breda-da-diocese-de-penedo\/","title":{"rendered":"Morre o bispo Dom Val\u00e9rio Breda, da diocese de Penedo"},"content":{"rendered":"<p>Morreu na manh\u00e3 desta ter\u00e7a-feira (16), aos 75 anos, o bispo da Diocese de Penedo, Dom Val\u00e9rio Breda. Ele estava internado desde o dia 15 de abril, quando sofreu um acidente vascular cerebral (AVC).<\/p>\n<p>De acordo com a Arquidiocese de Macei\u00f3, o quadro de sa\u00fade do religioso se agravou ap\u00f3s uma rea\u00e7\u00e3o al\u00e9rgica.<\/p>\n<p>Dom Val\u00e9rio era italiano, e desde 1997 pertencia \u00e0 Diocese de Penedo.<\/p>\n<p>O corpo do bispo ser\u00e1 sepultado na Catedral Diocesana. Por causa da pandemia do novo coronav\u00edrus, a Diocese ainda vai divulgar os procedimentos para a despedida do religioso.<\/p>\n<p>&nbsp;<\/p>\n<p><strong>Fonte: G1\/AL<\/strong><\/p>\n<p>&nbsp;<\/p>\n","protected":false},"excerpt":{"rendered":"<p>Morreu na manh\u00e3 desta ter\u00e7a-feira (16), aos 75 anos, o bispo da Diocese de Penedo, Dom Val\u00e9rio Breda. Ele estava internado desde o dia 15 de abril, quando sofreu um acidente vascular cerebral (AVC). De acordo com a Arquidiocese de Macei\u00f3, o quadro de sa\u00fade do religioso se agravou ap\u00f3s uma rea\u00e7\u00e3o al\u00e9rgica. Dom Val\u00e9rio &hellip;<\/p>\n","protected":false},"author":1,"featured_media":7300,"comment_status":"open","ping_status":"open","sticky":false,"template":"","format":"standard","meta":{"_jetpack_newsletter_access":"","_jetpack_dont_email_post_to_subs":false,"_jetpack_newsletter_tier_id":0,"_jetpack_memberships_contains_paywalled_content":false,"_jetpack_memberships_contains_paid_content":false,"footnotes":""},"categories":[1],"tags":[],"class_list":["post-7299","post","type-post","status-publish","format-standard","has-post-thumbnail","hentry","category-destaque"],"jetpack_sharing_enabled":true,"jetpack_featured_media_url":"","_links":{"self":[{"href":"https:\/\/www.oparanews.com.br\/index.php\/wp-json\/wp\/v2\/posts\/7299","targetHints":{"allow":["GET"]}}],"collection":[{"href":"https:\/\/www.oparanews.com.br\/index.php\/wp-json\/wp\/v2\/posts"}],"about":[{"href":"https:\/\/www.oparanews.com.br\/index.php\/wp-json\/wp\/v2\/types\/post"}],"author":[{"embeddable":true,"href":"https:\/\/www.oparanews.com.br\/index.php\/wp-json\/wp\/v2\/users\/1"}],"replies":[{"embeddable":true,"href":"https:\/\/www.oparanews.com.br\/index.php\/wp-json\/wp\/v2\/comments?post=7299"}],"version-history":[{"count":0,"href":"https:\/\/www.oparanews.com.br\/index.php\/wp-json\/wp\/v2\/posts\/7299\/revisions"}],"wp:attachment":[{"href":"https:\/\/www.oparanews.com.br\/index.php\/wp-json\/wp\/v2\/media?parent=7299"}],"wp:term":[{"taxonomy":"category","embeddable":true,"href":"https:\/\/www.oparanews.com.br\/index.php\/wp-json\/wp\/v2\/categories?post=7299"},{"taxonomy":"post_tag","embeddable":true,"href":"https:\/\/www.oparanews.com.br\/index.php\/wp-json\/wp\/v2\/tags?post=7299"}],"curies":[{"name":"wp","href":"https:\/\/api.w.org\/{rel}","templated":true}]}}