{"id":7305,"date":"2020-06-17T00:05:52","date_gmt":"2020-06-17T00:05:52","guid":{"rendered":"https:\/\/oparanews.com.br\/?p=7305"},"modified":"2020-06-17T00:05:52","modified_gmt":"2020-06-17T00:05:52","slug":"inquerito-que-apurava-facada-em-bolsonaro-e-arquivado","status":"publish","type":"post","link":"https:\/\/www.oparanews.com.br\/index.php\/2020\/06\/17\/inquerito-que-apurava-facada-em-bolsonaro-e-arquivado\/","title":{"rendered":"Inqu\u00e9rito que apurava facada em Bolsonaro \u00e9 arquivado"},"content":{"rendered":"<p>A Justi\u00e7a Federal de Minas Gerais determinou o arquivamento nesta ter\u00e7a-feira do inqu\u00e9rito que apurava supostos mandantes no atentado \u00e0 faca cometido por Ad\u00e9lio Bispo de Oliveira contra o ent\u00e3o candidato a presidente Jair Bolsonaro, em 6 de setembro de 2018 em Juiz de Fora (MG), segundo decis\u00e3o do juiz Bruno Savino.<\/p>\n<p>A decis\u00e3o judicial ocorre ap\u00f3s tanto o Minist\u00e9rio P\u00fablico Federal quanto a Pol\u00edcia Federal terem conclu\u00eddo que o autor do atentado concebeu, planejou e executou sozinho a a\u00e7\u00e3o contra Bolsonaro em plena campanha eleitoral.<\/p>\n<p>Na decis\u00e3o, o magistrado se valeu do entendimento do MPF de que foram esgotadas todas as dilig\u00eancias poss\u00edveis na investiga\u00e7\u00e3o, exceto a an\u00e1lise do conte\u00fado do aparelho celular do advogado de Ad\u00e9lio &#8211;esse ponto est\u00e1 pendente de uma decis\u00e3o do Supremo Tribunal Federal sobre se permite ou n\u00e3o o acesso.<\/p>\n<p>&#8220;Acolho a promo\u00e7\u00e3o de arquivamento apresentada pelo Minist\u00e9rio P\u00fablico Federal, com fundamento nas pr\u00f3prias raz\u00f5es lan\u00e7adas na peti\u00e7\u00e3o ministerial, e determino o arquivamento do presente Inqu\u00e9rito Policial de n. 0503\/2018, nos termos do art. 18 do CPP, de modo que seja possibilitado o seu desarquivamento na hip\u00f3tese do surgimento de novos elementos informativos&#8221;, disse Bruno, na decis\u00e3o.<\/p>\n<p>A decis\u00e3o da Justi\u00e7a ap\u00f3s as investiga\u00e7\u00f5es feitas pela PF e pelo MPF contrariam o que Bolsonaro tem dito em entrevistas p\u00fablicas, de que outras pessoas tiveram envolvimento no crime. O presidente sempre se queixou das investiga\u00e7\u00f5es do caso &#8211;no m\u00eas passado, defendeu novas apura\u00e7\u00f5es.<\/p>\n<p>Contudo, o superintendente da PF em Minas Gerais, Cairo Costa Duarte, afirmou &#8211;em depoimento no inqu\u00e9rito que investiga a suposta tentativa de interfer\u00eancia pol\u00edtica do presidente na corpora\u00e7\u00e3o&#8211; que o presidente n\u00e3o manifestou qualquer insatisfa\u00e7\u00e3o com as investiga\u00e7\u00f5es sobre o atentado nas duas vezes em que se reuniu com ele.<\/p>\n<p>&nbsp;<\/p>\n<p><strong>Fonte: Terra<\/strong><\/p>\n<p>&nbsp;<\/p>\n","protected":false},"excerpt":{"rendered":"<p>A Justi\u00e7a Federal de Minas Gerais determinou o arquivamento nesta ter\u00e7a-feira do inqu\u00e9rito que apurava supostos mandantes no atentado \u00e0 faca cometido por Ad\u00e9lio Bispo de Oliveira contra o ent\u00e3o candidato a presidente Jair Bolsonaro, em 6 de setembro de 2018 em Juiz de Fora (MG), segundo decis\u00e3o do juiz Bruno Savino. A decis\u00e3o judicial &hellip;<\/p>\n","protected":false},"author":1,"featured_media":7306,"comment_status":"open","ping_status":"open","sticky":false,"template":"","format":"standard","meta":{"_jetpack_newsletter_access":"","_jetpack_dont_email_post_to_subs":false,"_jetpack_newsletter_tier_id":0,"_jetpack_memberships_contains_paywalled_content":false,"_jetpack_memberships_contains_paid_content":false,"footnotes":""},"categories":[1],"tags":[],"class_list":["post-7305","post","type-post","status-publish","format-standard","has-post-thumbnail","hentry","category-destaque"],"jetpack_sharing_enabled":true,"jetpack_featured_media_url":"","_links":{"self":[{"href":"https:\/\/www.oparanews.com.br\/index.php\/wp-json\/wp\/v2\/posts\/7305","targetHints":{"allow":["GET"]}}],"collection":[{"href":"https:\/\/www.oparanews.com.br\/index.php\/wp-json\/wp\/v2\/posts"}],"about":[{"href":"https:\/\/www.oparanews.com.br\/index.php\/wp-json\/wp\/v2\/types\/post"}],"author":[{"embeddable":true,"href":"https:\/\/www.oparanews.com.br\/index.php\/wp-json\/wp\/v2\/users\/1"}],"replies":[{"embeddable":true,"href":"https:\/\/www.oparanews.com.br\/index.php\/wp-json\/wp\/v2\/comments?post=7305"}],"version-history":[{"count":0,"href":"https:\/\/www.oparanews.com.br\/index.php\/wp-json\/wp\/v2\/posts\/7305\/revisions"}],"wp:attachment":[{"href":"https:\/\/www.oparanews.com.br\/index.php\/wp-json\/wp\/v2\/media?parent=7305"}],"wp:term":[{"taxonomy":"category","embeddable":true,"href":"https:\/\/www.oparanews.com.br\/index.php\/wp-json\/wp\/v2\/categories?post=7305"},{"taxonomy":"post_tag","embeddable":true,"href":"https:\/\/www.oparanews.com.br\/index.php\/wp-json\/wp\/v2\/tags?post=7305"}],"curies":[{"name":"wp","href":"https:\/\/api.w.org\/{rel}","templated":true}]}}