{"id":7308,"date":"2020-06-17T00:15:51","date_gmt":"2020-06-17T00:15:51","guid":{"rendered":"https:\/\/oparanews.com.br\/?p=7308"},"modified":"2020-06-17T00:15:51","modified_gmt":"2020-06-17T00:15:51","slug":"penedo-tem-mais-de-150-casos-confirmados-de-covid-19","status":"publish","type":"post","link":"https:\/\/www.oparanews.com.br\/index.php\/2020\/06\/17\/penedo-tem-mais-de-150-casos-confirmados-de-covid-19\/","title":{"rendered":"Penedo tem mais de 150 casos confirmados de Covid-19"},"content":{"rendered":"<p>O n\u00famero de pessoas infectadas por Covid-19 em Penedo ultrapassou a marca de 150 nesta ter\u00e7a-feira, 16 de julho. O munic\u00edpio tem 152 casos confirmados, conforme consta no boletim epidemiol\u00f3gico divulgado hoje pela Secretaria Municipal de Sa\u00fade (SEMS).<\/p>\n<p>Os dados mais recentes sobre a pandemia do Novo Coronav\u00edrus informam tamb\u00e9m que 270 pessoas est\u00e3o sendo monitoradas, 29 j\u00e1 est\u00e3o curadas da doen\u00e7a com sete suspeitos, quatro \u00f3bitos e 135 casos descartados.<\/p>\n<p>Sobre as localidades mapeadas de acordo com a resid\u00eancia do paciente contaminado por Covid-19, os registros do boletim de hoje mostram que a maior quantidade de casos confirmados est\u00e1 concentrada nos bairros Dom Constantino (31), Santa Luzia (29) e Raimundo Marinho (24).<\/p>\n<p>Na zona rural, o levantamento por localidade atualizado a cada aumento de caso confirmado indica que a comunidade Palmeira Alta tem 14 pessoas contaminadas por Covid-19 e o Tabuleiro dos Negros tem sete.<\/p>\n<p>Confira a distribui\u00e7\u00e3o completa no quadro abaixo.<\/p>\n<p><a href=\"https:\/\/oparanews.com.br\/wp-content\/uploads\/2020\/06\/Sem-t\u00edtulo-10.jpg\"><img loading=\"lazy\" decoding=\"async\" class=\"alignleft size-medium wp-image-7309\" src=\"https:\/\/oparanews.com.br\/wp-content\/uploads\/2020\/06\/Sem-t\u00edtulo-10-273x300.jpg\" alt=\"\" width=\"273\" height=\"300\" \/><\/a><\/p>\n<p>&nbsp;<\/p>\n<p>&nbsp;<\/p>\n<p>&nbsp;<\/p>\n<p>&nbsp;<\/p>\n<p>&nbsp;<\/p>\n<p>&nbsp;<\/p>\n<p><strong>Por Fernando Vin\u00edcius \u2013 Jornalista Decom PMP<\/strong><\/p>\n<p>&nbsp;<\/p>\n","protected":false},"excerpt":{"rendered":"<p>O n\u00famero de pessoas infectadas por Covid-19 em Penedo ultrapassou a marca de 150 nesta ter\u00e7a-feira, 16 de julho. O munic\u00edpio tem 152 casos confirmados, conforme consta no boletim epidemiol\u00f3gico divulgado hoje pela Secretaria Municipal de Sa\u00fade (SEMS). Os dados mais recentes sobre a pandemia do Novo Coronav\u00edrus informam tamb\u00e9m que 270 pessoas est\u00e3o sendo &hellip;<\/p>\n","protected":false},"author":1,"featured_media":7310,"comment_status":"open","ping_status":"open","sticky":false,"template":"","format":"standard","meta":{"_jetpack_newsletter_access":"","_jetpack_dont_email_post_to_subs":false,"_jetpack_newsletter_tier_id":0,"_jetpack_memberships_contains_paywalled_content":false,"_jetpack_memberships_contains_paid_content":false,"footnotes":""},"categories":[1],"tags":[],"class_list":["post-7308","post","type-post","status-publish","format-standard","has-post-thumbnail","hentry","category-destaque"],"jetpack_sharing_enabled":true,"jetpack_featured_media_url":"","_links":{"self":[{"href":"https:\/\/www.oparanews.com.br\/index.php\/wp-json\/wp\/v2\/posts\/7308","targetHints":{"allow":["GET"]}}],"collection":[{"href":"https:\/\/www.oparanews.com.br\/index.php\/wp-json\/wp\/v2\/posts"}],"about":[{"href":"https:\/\/www.oparanews.com.br\/index.php\/wp-json\/wp\/v2\/types\/post"}],"author":[{"embeddable":true,"href":"https:\/\/www.oparanews.com.br\/index.php\/wp-json\/wp\/v2\/users\/1"}],"replies":[{"embeddable":true,"href":"https:\/\/www.oparanews.com.br\/index.php\/wp-json\/wp\/v2\/comments?post=7308"}],"version-history":[{"count":0,"href":"https:\/\/www.oparanews.com.br\/index.php\/wp-json\/wp\/v2\/posts\/7308\/revisions"}],"wp:attachment":[{"href":"https:\/\/www.oparanews.com.br\/index.php\/wp-json\/wp\/v2\/media?parent=7308"}],"wp:term":[{"taxonomy":"category","embeddable":true,"href":"https:\/\/www.oparanews.com.br\/index.php\/wp-json\/wp\/v2\/categories?post=7308"},{"taxonomy":"post_tag","embeddable":true,"href":"https:\/\/www.oparanews.com.br\/index.php\/wp-json\/wp\/v2\/tags?post=7308"}],"curies":[{"name":"wp","href":"https:\/\/api.w.org\/{rel}","templated":true}]}}