{"id":7312,"date":"2020-06-17T00:22:35","date_gmt":"2020-06-17T00:22:35","guid":{"rendered":"https:\/\/oparanews.com.br\/?p=7312"},"modified":"2020-06-17T00:22:35","modified_gmt":"2020-06-17T00:22:35","slug":"inscricao-para-o-sisu-e-adiada-e-vai-de-7-a-10-de-julho","status":"publish","type":"post","link":"https:\/\/www.oparanews.com.br\/index.php\/2020\/06\/17\/inscricao-para-o-sisu-e-adiada-e-vai-de-7-a-10-de-julho\/","title":{"rendered":"Inscri\u00e7\u00e3o para o Sisu \u00e9 adiada e vai de 7 a 10 de julho"},"content":{"rendered":"<p>As inscri\u00e7\u00f5es para o Sistema de Sele\u00e7\u00e3o Unificada (Sisu) do segundo semestre de 2020, previstas para 16 a 19 de junho, foram prorrogadas para 7 a 10 de julho. O an\u00fancio foi feito pelo ministro da Educa\u00e7\u00e3o, Abraham Weintraub, no Twitter. O edital ser\u00e1 publicado nos pr\u00f3ximos dias no Di\u00e1rio Oficial da Uni\u00e3o.<\/p>\n<p>Segundo o ministro, at\u00e9 o momento, as institui\u00e7\u00f5es p\u00fablicas j\u00e1 disponibilizaram 51 mil vagas e o n\u00famero pode subir. Weintraub destacou que pela primeira vez haver\u00e1 oferta de vagas na modalidade de ensino a dist\u00e2ncia (EaD).<\/p>\n<p>O processo seletivo do programa, para vagas em cursos de gradua\u00e7\u00e3o, usa as notas do Exame Nacional de Ensino M\u00e9dio (Enem) como crit\u00e9rio de classifica\u00e7\u00e3o.<\/p>\n<p>Os estudantes interessados em concorrer a uma vaga em uma universidade ou instituto p\u00fablico poder\u00e3o consultar os cursos e o n\u00famero de vagas que ser\u00e3o disponibilizados por cada institui\u00e7\u00e3o participante.<\/p>\n<p>&nbsp;<\/p>\n<p><strong>Fonte: Ag\u00eancia Brasil<\/strong><\/p>\n<p>&nbsp;<\/p>\n","protected":false},"excerpt":{"rendered":"<p>As inscri\u00e7\u00f5es para o Sistema de Sele\u00e7\u00e3o Unificada (Sisu) do segundo semestre de 2020, previstas para 16 a 19 de junho, foram prorrogadas para 7 a 10 de julho. O an\u00fancio foi feito pelo ministro da Educa\u00e7\u00e3o, Abraham Weintraub, no Twitter. O edital ser\u00e1 publicado nos pr\u00f3ximos dias no Di\u00e1rio Oficial da Uni\u00e3o. Segundo o &hellip;<\/p>\n","protected":false},"author":1,"featured_media":7313,"comment_status":"open","ping_status":"open","sticky":false,"template":"","format":"standard","meta":{"_jetpack_newsletter_access":"","_jetpack_dont_email_post_to_subs":false,"_jetpack_newsletter_tier_id":0,"_jetpack_memberships_contains_paywalled_content":false,"_jetpack_memberships_contains_paid_content":false,"footnotes":""},"categories":[1],"tags":[],"class_list":["post-7312","post","type-post","status-publish","format-standard","has-post-thumbnail","hentry","category-destaque"],"jetpack_sharing_enabled":true,"jetpack_featured_media_url":"","_links":{"self":[{"href":"https:\/\/www.oparanews.com.br\/index.php\/wp-json\/wp\/v2\/posts\/7312","targetHints":{"allow":["GET"]}}],"collection":[{"href":"https:\/\/www.oparanews.com.br\/index.php\/wp-json\/wp\/v2\/posts"}],"about":[{"href":"https:\/\/www.oparanews.com.br\/index.php\/wp-json\/wp\/v2\/types\/post"}],"author":[{"embeddable":true,"href":"https:\/\/www.oparanews.com.br\/index.php\/wp-json\/wp\/v2\/users\/1"}],"replies":[{"embeddable":true,"href":"https:\/\/www.oparanews.com.br\/index.php\/wp-json\/wp\/v2\/comments?post=7312"}],"version-history":[{"count":0,"href":"https:\/\/www.oparanews.com.br\/index.php\/wp-json\/wp\/v2\/posts\/7312\/revisions"}],"wp:attachment":[{"href":"https:\/\/www.oparanews.com.br\/index.php\/wp-json\/wp\/v2\/media?parent=7312"}],"wp:term":[{"taxonomy":"category","embeddable":true,"href":"https:\/\/www.oparanews.com.br\/index.php\/wp-json\/wp\/v2\/categories?post=7312"},{"taxonomy":"post_tag","embeddable":true,"href":"https:\/\/www.oparanews.com.br\/index.php\/wp-json\/wp\/v2\/tags?post=7312"}],"curies":[{"name":"wp","href":"https:\/\/api.w.org\/{rel}","templated":true}]}}