{"id":7341,"date":"2020-06-18T02:56:14","date_gmt":"2020-06-18T02:56:14","guid":{"rendered":"https:\/\/oparanews.com.br\/?p=7341"},"modified":"2020-06-18T02:56:14","modified_gmt":"2020-06-18T02:56:14","slug":"suspeito-de-assassinar-sargento-da-pm-e-morto-em-acao-policial-em-murici","status":"publish","type":"post","link":"https:\/\/www.oparanews.com.br\/index.php\/2020\/06\/18\/suspeito-de-assassinar-sargento-da-pm-e-morto-em-acao-policial-em-murici\/","title":{"rendered":"Suspeito de assassinar sargento da PM \u00e9 morto em a\u00e7\u00e3o policial em Murici"},"content":{"rendered":"<p>Um homem suspeito de assassinar o 3\u00ba sargento da Pol\u00edcia Militar, Abra\u00e3o Emmanuel de Lima Soares, morreu durante uma a\u00e7\u00e3o policial nesta quarta-feira (17). A Secretaria da Seguran\u00e7a P\u00fablica (SSP-AL) informou que a pris\u00e3o se deu na cidade de Murici durante uma opera\u00e7\u00e3o integrada que mobilizou diversas unidades policiais.<\/p>\n<p>O Sargento Abr\u00e3ao, 58 anos, foi assassinado na \u00faltima segunda (15), no Benedito Bentes. Ele era lotado no 1\u00ba Batalh\u00e3o de Pol\u00edcia Militar e foi atingido por quatro tiros disparados por criminosos que fugiram ap\u00f3s o crime.<\/p>\n<p>Segundo a SSP-AL, as pol\u00edciais civil e militar vinham fazendo dilig\u00eancias desde o dia do crime. Na tarde desta quarta, policiais da Divis\u00e3o Especial de Investiga\u00e7\u00f5es e Capturas (Deic) receberam informa\u00e7\u00f5es repassadas pelo Disque Den\u00fancia de que o principal suspeito do homic\u00eddio estava em deslocamento, saindo de Macei\u00f3 com destino ao munic\u00edpio de Uni\u00e3o dos Palmares, em um ve\u00edculo.<\/p>\n<p>Um alerta geral foi emitido para v\u00e1rias unidades e as buscas come\u00e7aram, coordenadas pelo 5\u00ba Batalh\u00e3o. O carro foi interceptado no munic\u00edpio de Murici. Os militares iniciaram a abordagem e ordenaram a parada do ve\u00edculo. Segundo a pol\u00edcia, ele reagiu \u00e0 pris\u00e3o, dando in\u00edcio a uma troca de tiros.<\/p>\n<p>O homem foi ferido e chegou a ser levado at\u00e9 Hospital Geral do Estado (HGE), em Macei\u00f3, mas n\u00e3o resistiu e morreu. Os policiais encontraram com ele um rev\u00f3lver calibre 38 com duas muni\u00e7\u00f5es deflagradas e uma pinada.<\/p>\n<p>A SSP-AL informou que as investiga\u00e7\u00f5es apontaram que o homem, identificado apenas como Madeirada, foi o respons\u00e1vel por deflagrar os tiros contra o sargento Abra\u00e3o.<\/p>\n<p>A Pol\u00edcia Civil segue apurando o caso para saber a motiva\u00e7\u00e3o do crime. A popula\u00e7\u00e3o pode colaborar com a Seguran\u00e7a P\u00fablica repassando mais informa\u00e7\u00f5es referentes ao caso por meio do Disque-Denuncia 181. A liga\u00e7\u00e3o \u00e9 gratuita e o sigilo garantido.<\/p>\n<p>Participaram da opera\u00e7\u00e3o a Secretaria da Seguran\u00e7a P\u00fablica, militares do 1\u00ba, 4\u00ba e 5\u00ba Batalh\u00f5es, do Batalh\u00e3o de Guardas (BPGd), Radiopatrulha (BPRp), Batalh\u00e3o de Opera\u00e7\u00f5es Especiais (Bope), a 2\u00aa Se\u00e7\u00e3o da Pol\u00edcia Militar e do Comando de Policiamento da Capital (CPC), Divis\u00e3o Especial de Investiga\u00e7\u00e3o e Capturas (Deic), Grupo de Investiga\u00e7\u00e3o da Delegacia-Geral (GIDG), Grupamento A\u00e9reo e a Secretaria de Ressocializa\u00e7\u00e3o (Seris).<\/p>\n<p>&nbsp;<\/p>\n<p><strong>Fonte: G1\/AL<\/strong><\/p>\n<p>&nbsp;<\/p>\n","protected":false},"excerpt":{"rendered":"<p>Um homem suspeito de assassinar o 3\u00ba sargento da Pol\u00edcia Militar, Abra\u00e3o Emmanuel de Lima Soares, morreu durante uma a\u00e7\u00e3o policial nesta quarta-feira (17). A Secretaria da Seguran\u00e7a P\u00fablica (SSP-AL) informou que a pris\u00e3o se deu na cidade de Murici durante uma opera\u00e7\u00e3o integrada que mobilizou diversas unidades policiais. O Sargento Abr\u00e3ao, 58 anos, foi &hellip;<\/p>\n","protected":false},"author":1,"featured_media":7342,"comment_status":"open","ping_status":"open","sticky":false,"template":"","format":"standard","meta":{"_jetpack_newsletter_access":"","_jetpack_dont_email_post_to_subs":false,"_jetpack_newsletter_tier_id":0,"_jetpack_memberships_contains_paywalled_content":false,"_jetpack_memberships_contains_paid_content":false,"footnotes":""},"categories":[1],"tags":[],"class_list":["post-7341","post","type-post","status-publish","format-standard","has-post-thumbnail","hentry","category-destaque"],"jetpack_sharing_enabled":true,"jetpack_featured_media_url":"","_links":{"self":[{"href":"https:\/\/www.oparanews.com.br\/index.php\/wp-json\/wp\/v2\/posts\/7341","targetHints":{"allow":["GET"]}}],"collection":[{"href":"https:\/\/www.oparanews.com.br\/index.php\/wp-json\/wp\/v2\/posts"}],"about":[{"href":"https:\/\/www.oparanews.com.br\/index.php\/wp-json\/wp\/v2\/types\/post"}],"author":[{"embeddable":true,"href":"https:\/\/www.oparanews.com.br\/index.php\/wp-json\/wp\/v2\/users\/1"}],"replies":[{"embeddable":true,"href":"https:\/\/www.oparanews.com.br\/index.php\/wp-json\/wp\/v2\/comments?post=7341"}],"version-history":[{"count":0,"href":"https:\/\/www.oparanews.com.br\/index.php\/wp-json\/wp\/v2\/posts\/7341\/revisions"}],"wp:attachment":[{"href":"https:\/\/www.oparanews.com.br\/index.php\/wp-json\/wp\/v2\/media?parent=7341"}],"wp:term":[{"taxonomy":"category","embeddable":true,"href":"https:\/\/www.oparanews.com.br\/index.php\/wp-json\/wp\/v2\/categories?post=7341"},{"taxonomy":"post_tag","embeddable":true,"href":"https:\/\/www.oparanews.com.br\/index.php\/wp-json\/wp\/v2\/tags?post=7341"}],"curies":[{"name":"wp","href":"https:\/\/api.w.org\/{rel}","templated":true}]}}