{"id":7344,"date":"2020-06-18T16:43:33","date_gmt":"2020-06-18T16:43:33","guid":{"rendered":"https:\/\/oparanews.com.br\/?p=7344"},"modified":"2020-06-18T16:43:33","modified_gmt":"2020-06-18T16:43:33","slug":"nao-tem-data-para-acabar-futebol-brasileiro","status":"publish","type":"post","link":"https:\/\/www.oparanews.com.br\/index.php\/2020\/06\/18\/nao-tem-data-para-acabar-futebol-brasileiro\/","title":{"rendered":"N\u00e3o tem data para acabar Futebol brasileiro"},"content":{"rendered":"<p><strong>Flamengo: treinos escondidos e lideran\u00e7a no retorno<\/strong><\/p>\n<p>O Campeonato Carioca retornar justamente com um jogo do Flamengo representa bem todo o esfor\u00e7o do clube pela volta. Ao entrar hoje em campo para encarar o Bangu, \u00e0s 21h, no Maracan\u00e3, o Rubro-negro consolida um caminho que contou com articula\u00e7\u00e3o pol\u00edtica, muitos testes e, sobretudo, a lideran\u00e7a no processo.<\/p>\n<p><a href=\"https:\/\/oparanews.com.br\/wp-content\/uploads\/2020\/06\/Sem-t\u00edtulo-24.jpg\"><img loading=\"lazy\" decoding=\"async\" class=\"aligncenter size-full wp-image-7345\" src=\"https:\/\/oparanews.com.br\/wp-content\/uploads\/2020\/06\/Sem-t\u00edtulo-24.jpg\" alt=\"\" width=\"1037\" height=\"541\" \/><\/a><\/p>\n<p>O Fla foi o primeiro a voltar aos treinos, ainda que houvesse diverg\u00eancia sobre se os decretos oficiais permitiam isso. As primeiras atividades foram no dia 20 de maio, sem divulga\u00e7\u00e3o pr\u00e9via. Antes de voltar ao Ninho do Urubu, o clube testou 296 pessoas, n\u00famero que incluiu jogadores, funcion\u00e1rios e pessoas pr\u00f3ximas. Ap\u00f3s 38 casos darem positivo, o clube refez semanalmente a testagem e n\u00e3o acusou mais nenhum diagn\u00f3stico positivo para Covid-19.<\/p>\n<p>Foi decisivo o trabalho nos bastidores dos dirigentes, que se apoiaram tamb\u00e9m no desejo do presidente Jair Bolsonaro de ver os jogos realizados novamente. Um encontro do presidente Rodolfo Landim com o mandat\u00e1rio da na\u00e7\u00e3o foi alvo de cr\u00edticas, visto que a agenda ocorreu em plena pandemia. O m\u00e9dico M\u00e1rcio Tannure tamb\u00e9m virou alvo, visto que a comitiva rubro-negra n\u00e3o usava m\u00e1scaras e n\u00e3o guardava distanciamento.<\/p>\n<p>Amparado pelos poderes, o Flamengo v\u00ea a sua prepara\u00e7\u00e3o muito mais acelerada em rela\u00e7\u00e3o a de seus concorrentes. Com grana para se equipar e muita costura pol\u00edtica, o Flamengo curte uma vit\u00f3ria que foi muito al\u00e9m das quatro linhas.<\/p>\n<p><strong>Nem todo mundo \u00e9 a favor no Rio<\/strong><\/p>\n<p>Enquanto o Flamengo comemora, outros clubes reclamam de briga desleal. Botafogo e Fluminense est\u00e3o encarando a desvantagem de lutarem sozinhos contra federa\u00e7\u00e3o, rivais e os \u00f3rg\u00e3os p\u00fablicos em rela\u00e7\u00e3o \u00e0 volta do Campeonato Carioca.<\/p>\n<p>Desde o in\u00edcio da pandemia e a consequente paralisa\u00e7\u00e3o do futebol, a dupla se mostra radicalmente contra o retorno, o que tem causado muita discuss\u00e3o, embate e desgaste nos arbitrais recentes para debater o assunto.<\/p>\n<p>O posicionamento contr\u00e1rio \u00e9 t\u00e3o forte que, mesmo com o principal rival, o Fla, treinando h\u00e1 30 dias, Bota e Flu sequer retornaram suas atividades nos centros de treinamento \u2014 o alvinegro, por exemplo, voltou apenas hoje (18), enquanto o tricolor, nem isso. Os dois clubes entendem que precisam de, no m\u00ednimo, 15 dias de prepara\u00e7\u00e3o para enfrentar uma partida oficial.<\/p>\n<p>A favor destes clubes, at\u00e9 o momento, somente um singelo pedido do prefeito do Rio, Marcelo Crivella, para que o desejo de que s\u00f3 atuem em julho seja atendido \u2014 algo que tem sido solenemente ignorado pelo presidente da Ferj, Rubens Lopes.<\/p>\n<p>Com o impasse, Botafogo e Fluminense pretendem ingressar com uma a\u00e7\u00e3o no Tribunal de Justi\u00e7a Desportiva (TJD-RJ) contra a decis\u00e3o de jogarem dia 22, numa forma tamb\u00e9m de se resguardar de um poss\u00edvel W.O. &#8211; nenhum deles pretende entrar em campo na segunda-feira.<\/p>\n<p><strong>Flexibiliza\u00e7\u00e3o em meio ao luto no Rio<\/strong><\/p>\n<p>Apesar da flexibiliza\u00e7\u00e3o, a Covid-19 ainda imp\u00f5e luto di\u00e1rio no Rio de Janeiro. O estado atingiu a marca de 86.963 infectados e t\u00eam 8.138 \u00f3bitos confirmados pela doen\u00e7a de acordo com boletim da ontem (17) do governo do estado. Apesar disso, governo e prefeitura da capital aceleram medidas de reabertura de com\u00e9rcio e outras atividades, embasados nas quedas da curva de cont\u00e1gio e mortes, que na \u00faltima semana foram 29,2% e 17,8% menores em rela\u00e7\u00e3o ao per\u00edodo entre 31\/05 e 07\/06. A ocupa\u00e7\u00e3o dos leitos de UTI no sistema de sa\u00fade estadual tamb\u00e9m vem diminuindo paulatinamente: se j\u00e1 foi de 100%, est\u00e1 atualmente em 64%. Nas enfermarias, a taxa \u00e9 de 57%.<\/p>\n","protected":false},"excerpt":{"rendered":"<p>Flamengo: treinos escondidos e lideran\u00e7a no retorno O Campeonato Carioca retornar justamente com um jogo do Flamengo representa bem todo o esfor\u00e7o do clube pela volta. Ao entrar hoje em campo para encarar o Bangu, \u00e0s 21h, no Maracan\u00e3, o Rubro-negro consolida um caminho que contou com articula\u00e7\u00e3o pol\u00edtica, muitos testes e, sobretudo, a lideran\u00e7a &hellip;<\/p>\n","protected":false},"author":1,"featured_media":2628,"comment_status":"open","ping_status":"open","sticky":false,"template":"","format":"standard","meta":{"_jetpack_newsletter_access":"","_jetpack_dont_email_post_to_subs":false,"_jetpack_newsletter_tier_id":0,"_jetpack_memberships_contains_paywalled_content":false,"_jetpack_memberships_contains_paid_content":false,"footnotes":""},"categories":[1],"tags":[],"class_list":["post-7344","post","type-post","status-publish","format-standard","has-post-thumbnail","hentry","category-destaque"],"jetpack_sharing_enabled":true,"jetpack_featured_media_url":"","_links":{"self":[{"href":"https:\/\/www.oparanews.com.br\/index.php\/wp-json\/wp\/v2\/posts\/7344","targetHints":{"allow":["GET"]}}],"collection":[{"href":"https:\/\/www.oparanews.com.br\/index.php\/wp-json\/wp\/v2\/posts"}],"about":[{"href":"https:\/\/www.oparanews.com.br\/index.php\/wp-json\/wp\/v2\/types\/post"}],"author":[{"embeddable":true,"href":"https:\/\/www.oparanews.com.br\/index.php\/wp-json\/wp\/v2\/users\/1"}],"replies":[{"embeddable":true,"href":"https:\/\/www.oparanews.com.br\/index.php\/wp-json\/wp\/v2\/comments?post=7344"}],"version-history":[{"count":0,"href":"https:\/\/www.oparanews.com.br\/index.php\/wp-json\/wp\/v2\/posts\/7344\/revisions"}],"wp:attachment":[{"href":"https:\/\/www.oparanews.com.br\/index.php\/wp-json\/wp\/v2\/media?parent=7344"}],"wp:term":[{"taxonomy":"category","embeddable":true,"href":"https:\/\/www.oparanews.com.br\/index.php\/wp-json\/wp\/v2\/categories?post=7344"},{"taxonomy":"post_tag","embeddable":true,"href":"https:\/\/www.oparanews.com.br\/index.php\/wp-json\/wp\/v2\/tags?post=7344"}],"curies":[{"name":"wp","href":"https:\/\/api.w.org\/{rel}","templated":true}]}}