{"id":7353,"date":"2020-06-18T16:51:59","date_gmt":"2020-06-18T16:51:59","guid":{"rendered":"https:\/\/oparanews.com.br\/?p=7353"},"modified":"2020-06-18T16:51:59","modified_gmt":"2020-06-18T16:51:59","slug":"fabricio-queiroz-ex-assessor-de-flavio-bolsonaro-e-preso","status":"publish","type":"post","link":"https:\/\/www.oparanews.com.br\/index.php\/2020\/06\/18\/fabricio-queiroz-ex-assessor-de-flavio-bolsonaro-e-preso\/","title":{"rendered":"Fabr\u00edcio Queiroz, ex-assessor de Fl\u00e1vio Bolsonaro, \u00e9 preso"},"content":{"rendered":"<p>Fabr\u00edcio Queiroz, ex-assessor parlamentar de Fl\u00e1vio Bolsonaro, foi preso na manh\u00e3 desta quinta-feira, 18, em Atibaia, no interior de S\u00e3o Paulo. O mandado faz parte das investiga\u00e7\u00f5es sobre o suposto esquema de &#8220;rachadinha&#8221; na Assembleia do Rio de Janeiro. A pris\u00e3o dele foi fruto de uma opera\u00e7\u00e3o conjunta entre Pol\u00edcia Civil e Minist\u00e9rio P\u00fablico de S\u00e3o Paulo. Os mandados de busca e apreens\u00e3o foram expedidos pela justi\u00e7a do Rio.<\/p>\n<p>O policial militar foi encontrado em um im\u00f3vel que pertence a Frederick Wassef, advogado do filho mais velho do presidente Jair Bolsonaro. O criminalista defende Fl\u00e1vio no caso que apura suposto esquema de &#8220;rachadinha&#8221; de verbas no seu antigo gabinete como deputado estadual.<\/p>\n<p>Em dezembro de 2018, o Estad\u00e3o revelou que Queiroz foi citado em um relat\u00f3rio do antigo Conselho de Atividades Financeiras (Coaf) por movimentar R$ 1,2 milh\u00e3o em sua conta de maneira &#8220;at\u00edpica&#8221;.<\/p>\n<p>Em um ano, R$ 1,2 milh\u00e3o transitou pelas contas dele, segundo o Conselho de Controle de Atividades Financeiras (Coaf), arrastando o gabinete do filho do presidente Jair Bolsonaro para o centro de uma investiga\u00e7\u00e3o do Minist\u00e9rio P\u00fablico Estadual.<\/p>\n<p>Promotores apontam ind\u00edcios de que uma organiza\u00e7\u00e3o criminosa foi montada no gabinete de Fl\u00e1vio, o 01 do presidente, para desviar dinheiro dos sal\u00e1rios dos funcion\u00e1rios, a chamada &#8220;rachadinha&#8221;. O dinheiro teria sido lavado por meio da compra e da venda de pelo menos 19 im\u00f3veis no Rio.<\/p>\n<p>A promotoria informa ainda que Queiroz ser\u00e1 transferido para o Rio ainda nesta quinta-feira (18). O ex-assessor foi levado para a capital paulista.<\/p>\n<p>&nbsp;<\/p>\n<p><strong>Com informa\u00e7\u00f5es do Estad\u00e3o Conte\u00fado<\/strong><\/p>\n<p>&nbsp;<\/p>\n","protected":false},"excerpt":{"rendered":"<p>Fabr\u00edcio Queiroz, ex-assessor parlamentar de Fl\u00e1vio Bolsonaro, foi preso na manh\u00e3 desta quinta-feira, 18, em Atibaia, no interior de S\u00e3o Paulo. O mandado faz parte das investiga\u00e7\u00f5es sobre o suposto esquema de &#8220;rachadinha&#8221; na Assembleia do Rio de Janeiro. A pris\u00e3o dele foi fruto de uma opera\u00e7\u00e3o conjunta entre Pol\u00edcia Civil e Minist\u00e9rio P\u00fablico de &hellip;<\/p>\n","protected":false},"author":1,"featured_media":7354,"comment_status":"open","ping_status":"open","sticky":false,"template":"","format":"standard","meta":{"_jetpack_newsletter_access":"","_jetpack_dont_email_post_to_subs":false,"_jetpack_newsletter_tier_id":0,"_jetpack_memberships_contains_paywalled_content":false,"_jetpack_memberships_contains_paid_content":false,"footnotes":""},"categories":[1],"tags":[],"class_list":["post-7353","post","type-post","status-publish","format-standard","has-post-thumbnail","hentry","category-destaque"],"jetpack_sharing_enabled":true,"jetpack_featured_media_url":"","_links":{"self":[{"href":"https:\/\/www.oparanews.com.br\/index.php\/wp-json\/wp\/v2\/posts\/7353","targetHints":{"allow":["GET"]}}],"collection":[{"href":"https:\/\/www.oparanews.com.br\/index.php\/wp-json\/wp\/v2\/posts"}],"about":[{"href":"https:\/\/www.oparanews.com.br\/index.php\/wp-json\/wp\/v2\/types\/post"}],"author":[{"embeddable":true,"href":"https:\/\/www.oparanews.com.br\/index.php\/wp-json\/wp\/v2\/users\/1"}],"replies":[{"embeddable":true,"href":"https:\/\/www.oparanews.com.br\/index.php\/wp-json\/wp\/v2\/comments?post=7353"}],"version-history":[{"count":0,"href":"https:\/\/www.oparanews.com.br\/index.php\/wp-json\/wp\/v2\/posts\/7353\/revisions"}],"wp:attachment":[{"href":"https:\/\/www.oparanews.com.br\/index.php\/wp-json\/wp\/v2\/media?parent=7353"}],"wp:term":[{"taxonomy":"category","embeddable":true,"href":"https:\/\/www.oparanews.com.br\/index.php\/wp-json\/wp\/v2\/categories?post=7353"},{"taxonomy":"post_tag","embeddable":true,"href":"https:\/\/www.oparanews.com.br\/index.php\/wp-json\/wp\/v2\/tags?post=7353"}],"curies":[{"name":"wp","href":"https:\/\/api.w.org\/{rel}","templated":true}]}}