{"id":7367,"date":"2020-06-19T00:40:25","date_gmt":"2020-06-19T00:40:25","guid":{"rendered":"https:\/\/oparanews.com.br\/?p=7367"},"modified":"2020-06-19T00:40:25","modified_gmt":"2020-06-19T00:40:25","slug":"abraham-weintraub-confirma-saida-do-ministerio-da-educacao","status":"publish","type":"post","link":"https:\/\/www.oparanews.com.br\/index.php\/2020\/06\/19\/abraham-weintraub-confirma-saida-do-ministerio-da-educacao\/","title":{"rendered":"Abraham Weintraub confirma sa\u00edda do Minist\u00e9rio da Educa\u00e7\u00e3o"},"content":{"rendered":"<p>O economista Abraham Weintraub anunciou hoje sua sa\u00edda do Minist\u00e9rio da Educa\u00e7\u00e3o. &#8220;Agrade\u00e7o a todos de cora\u00e7\u00e3o, em especial ao presidente Jair Bolsonaro, o melhor Presidente do Brasil! Liberdade!&#8221;, escreveu.<\/p>\n<p>Em pouco mais de um ano \u00e0 frente do MEC (Minist\u00e9rio da Educa\u00e7\u00e3o), o economista Abraham Weintraub, demitido hoje pelo presidente Jair Bolsonaro (sem partido), acumulou derrotas no Congresso Nacional.<\/p>\n<p>Em fevereiro deste ano, a MP da ID Estudantil, que permitia a emiss\u00e3o de carteirinhas estudantis pelo governo, perdeu a validade sem nem sequer ter sido discutida pelos parlamentares. Os deputados se queixaram de falta de di\u00e1logo com o ministro.<\/p>\n<p>A emiss\u00e3o das carteirinhas pelo governo aconteceu em ofensiva a entidades estudantis como a UNE (Uni\u00e3o Nacional dos Estudantes) e foi fortemente defendida por Weintraub.<\/p>\n<p>Em mais uma derrota para o ministro, o MEC e o Inep (Instituto Nacional de Estudos e Pesquisas Educacionais An\u00edsio Teixeira) decidiram, em maio deste ano, adiar a aplica\u00e7\u00e3o do Enem devido \u00e0 pandemia do novo coronav\u00edrus.<\/p>\n<p>Apesar da crise sanit\u00e1ria e da suspens\u00e3o das aulas presenciais, Weintraub vinha defendendo a manuten\u00e7\u00e3o das datas e associou os pedidos de adiamento \u00e0 &#8220;esquerda&#8221;. A decis\u00e3o pelo adiamento do Enem deste ano aconteceu ap\u00f3s um projeto de lei que previa o adiamento do exame ser aprovado em decis\u00e3o quase un\u00e2nime no Senado -o \u00fanico contr\u00e1rio \u00e0 medida foi o senador Fl\u00e1vio Bolsonaro (Republicanos-RJ).<\/p>\n<p>Na semana passada, uma MP que dava a Weintraub o poder de escolher reitores de institui\u00e7\u00f5es federais de ensino durante a pandemia foi editada por Bolsonaro. A medida teve forte repercuss\u00e3o negativa e o presidente do Congresso, senador Davi Alcolumbre (DEM-AP), devolveu o texto ao Executivo. Bolsonaro ent\u00e3o revogou a MP.<\/p>\n<p>&nbsp;<\/p>\n<p><strong>Fonte: Uol<\/strong><\/p>\n<p>&nbsp;<\/p>\n","protected":false},"excerpt":{"rendered":"<p>O economista Abraham Weintraub anunciou hoje sua sa\u00edda do Minist\u00e9rio da Educa\u00e7\u00e3o. &#8220;Agrade\u00e7o a todos de cora\u00e7\u00e3o, em especial ao presidente Jair Bolsonaro, o melhor Presidente do Brasil! Liberdade!&#8221;, escreveu. Em pouco mais de um ano \u00e0 frente do MEC (Minist\u00e9rio da Educa\u00e7\u00e3o), o economista Abraham Weintraub, demitido hoje pelo presidente Jair Bolsonaro (sem partido), &hellip;<\/p>\n","protected":false},"author":1,"featured_media":7368,"comment_status":"open","ping_status":"open","sticky":false,"template":"","format":"standard","meta":{"_jetpack_newsletter_access":"","_jetpack_dont_email_post_to_subs":false,"_jetpack_newsletter_tier_id":0,"_jetpack_memberships_contains_paywalled_content":false,"_jetpack_memberships_contains_paid_content":false,"footnotes":""},"categories":[1],"tags":[],"class_list":["post-7367","post","type-post","status-publish","format-standard","has-post-thumbnail","hentry","category-destaque"],"jetpack_sharing_enabled":true,"jetpack_featured_media_url":"","_links":{"self":[{"href":"https:\/\/www.oparanews.com.br\/index.php\/wp-json\/wp\/v2\/posts\/7367","targetHints":{"allow":["GET"]}}],"collection":[{"href":"https:\/\/www.oparanews.com.br\/index.php\/wp-json\/wp\/v2\/posts"}],"about":[{"href":"https:\/\/www.oparanews.com.br\/index.php\/wp-json\/wp\/v2\/types\/post"}],"author":[{"embeddable":true,"href":"https:\/\/www.oparanews.com.br\/index.php\/wp-json\/wp\/v2\/users\/1"}],"replies":[{"embeddable":true,"href":"https:\/\/www.oparanews.com.br\/index.php\/wp-json\/wp\/v2\/comments?post=7367"}],"version-history":[{"count":0,"href":"https:\/\/www.oparanews.com.br\/index.php\/wp-json\/wp\/v2\/posts\/7367\/revisions"}],"wp:attachment":[{"href":"https:\/\/www.oparanews.com.br\/index.php\/wp-json\/wp\/v2\/media?parent=7367"}],"wp:term":[{"taxonomy":"category","embeddable":true,"href":"https:\/\/www.oparanews.com.br\/index.php\/wp-json\/wp\/v2\/categories?post=7367"},{"taxonomy":"post_tag","embeddable":true,"href":"https:\/\/www.oparanews.com.br\/index.php\/wp-json\/wp\/v2\/tags?post=7367"}],"curies":[{"name":"wp","href":"https:\/\/api.w.org\/{rel}","templated":true}]}}