{"id":7382,"date":"2020-06-19T17:56:37","date_gmt":"2020-06-19T17:56:37","guid":{"rendered":"https:\/\/oparanews.com.br\/?p=7382"},"modified":"2020-06-19T17:56:37","modified_gmt":"2020-06-19T17:56:37","slug":"bndes-aprova-patrocinio-cultural-para-retomada-das-obras-do-cine-penedo","status":"publish","type":"post","link":"https:\/\/www.oparanews.com.br\/index.php\/2020\/06\/19\/bndes-aprova-patrocinio-cultural-para-retomada-das-obras-do-cine-penedo\/","title":{"rendered":"BNDES aprova patroc\u00ednio cultural para retomada das obras do Cine Penedo"},"content":{"rendered":"<p>O Cine Penedo carrega em suas paredes de arquitetura Modernista muitas hist\u00f3rias. Suas obras de restaura\u00e7\u00e3o foram iniciadas e n\u00e3o conclu\u00eddas. E na tarde da \u00faltima quinta-feira, 18, uma boa not\u00edcia vai garantir a retomada dos trabalhos e a sua reinaugura\u00e7\u00e3o.<\/p>\n<p>O Banco Nacional de Desenvolvimento Econ\u00f4mico e Social (BNDES), atrav\u00e9s de um dos seus analistas, anunciou a aprova\u00e7\u00e3o t\u00e9cnica de patroc\u00ednio cultural. Com isso, o pr\u00e9dio localizado na Pra\u00e7a Marechal Deodoro, Centro Hist\u00f3rico, ter\u00e1 seus trabalhos reiniciados.<\/p>\n<p>\u201cUma not\u00edcia maravilhosa para Penedo. O analista do BNDES, F\u00e1bricio Brollo, ligou para informar que a institui\u00e7\u00e3o federal aprovou o patroc\u00ednio para concluir os trabalhos de restaura\u00e7\u00e3o do Cine. Em meio \u00e0 pandemia, Penedo recebe a informa\u00e7\u00e3o que teremos mais um pr\u00e9dio que carrega a hist\u00f3ria da cidade totalmente restaurado. Isso \u00e9 maravilhoso\u201d, comemorou o prefeito Marcius Beltr\u00e3o.<br \/>\nCom a aprova\u00e7\u00e3o nos pr\u00f3ximos dias, o BNDES deve marcar a data de assinatura do contrato.<\/p>\n<p>\u201cEsse \u00e9 mais um projeto de integra\u00e7\u00e3o entre o Instituto do Patrim\u00f4nio Hist\u00f3rico e Art\u00edstico Nacional (Iphan), a Prefeitura e a Ufal. Tenho plena certeza que a universidade vai transformar o Cine Penedo em mais um grande espa\u00e7o cultural. Vai ficar em boas m\u00e3os\u201d, encerrou o prefeito.<\/p>\n<p>&nbsp;<\/p>\n<p><strong>por Roberto Miranda<\/strong><\/p>\n<p>&nbsp;<\/p>\n","protected":false},"excerpt":{"rendered":"<p>O Cine Penedo carrega em suas paredes de arquitetura Modernista muitas hist\u00f3rias. Suas obras de restaura\u00e7\u00e3o foram iniciadas e n\u00e3o conclu\u00eddas. E na tarde da \u00faltima quinta-feira, 18, uma boa not\u00edcia vai garantir a retomada dos trabalhos e a sua reinaugura\u00e7\u00e3o. O Banco Nacional de Desenvolvimento Econ\u00f4mico e Social (BNDES), atrav\u00e9s de um dos seus &hellip;<\/p>\n","protected":false},"author":1,"featured_media":7383,"comment_status":"open","ping_status":"open","sticky":false,"template":"","format":"standard","meta":{"_jetpack_newsletter_access":"","_jetpack_dont_email_post_to_subs":false,"_jetpack_newsletter_tier_id":0,"_jetpack_memberships_contains_paywalled_content":false,"_jetpack_memberships_contains_paid_content":false,"footnotes":""},"categories":[1],"tags":[],"class_list":["post-7382","post","type-post","status-publish","format-standard","has-post-thumbnail","hentry","category-destaque"],"jetpack_sharing_enabled":true,"jetpack_featured_media_url":"","_links":{"self":[{"href":"https:\/\/www.oparanews.com.br\/index.php\/wp-json\/wp\/v2\/posts\/7382","targetHints":{"allow":["GET"]}}],"collection":[{"href":"https:\/\/www.oparanews.com.br\/index.php\/wp-json\/wp\/v2\/posts"}],"about":[{"href":"https:\/\/www.oparanews.com.br\/index.php\/wp-json\/wp\/v2\/types\/post"}],"author":[{"embeddable":true,"href":"https:\/\/www.oparanews.com.br\/index.php\/wp-json\/wp\/v2\/users\/1"}],"replies":[{"embeddable":true,"href":"https:\/\/www.oparanews.com.br\/index.php\/wp-json\/wp\/v2\/comments?post=7382"}],"version-history":[{"count":0,"href":"https:\/\/www.oparanews.com.br\/index.php\/wp-json\/wp\/v2\/posts\/7382\/revisions"}],"wp:attachment":[{"href":"https:\/\/www.oparanews.com.br\/index.php\/wp-json\/wp\/v2\/media?parent=7382"}],"wp:term":[{"taxonomy":"category","embeddable":true,"href":"https:\/\/www.oparanews.com.br\/index.php\/wp-json\/wp\/v2\/categories?post=7382"},{"taxonomy":"post_tag","embeddable":true,"href":"https:\/\/www.oparanews.com.br\/index.php\/wp-json\/wp\/v2\/tags?post=7382"}],"curies":[{"name":"wp","href":"https:\/\/api.w.org\/{rel}","templated":true}]}}