{"id":7388,"date":"2020-06-20T00:01:44","date_gmt":"2020-06-20T00:01:44","guid":{"rendered":"https:\/\/oparanews.com.br\/?p=7388"},"modified":"2020-06-20T00:01:44","modified_gmt":"2020-06-20T00:01:44","slug":"alagoas-tem-quase-27-mil-casos-confirmados-e-848-mortes-por-covid-19","status":"publish","type":"post","link":"https:\/\/www.oparanews.com.br\/index.php\/2020\/06\/20\/alagoas-tem-quase-27-mil-casos-confirmados-e-848-mortes-por-covid-19\/","title":{"rendered":"Alagoas tem quase 27 mil casos confirmados e 848 mortes por Covid-19"},"content":{"rendered":"<p>O Boletim Epidemiol\u00f3gico da Secretaria de Estado da Sa\u00fade (Sesau) desta sexta-feira (19) mostra que Alagoas registra 26.906 casos confirmados do novo coronav\u00edrus at\u00e9 o momento. Foram 1.273 novos casos nas \u00faltimas 24h que entraram na contagem da Sesau. J\u00e1 o n\u00famero de mortes \u00e9 de 848.<\/p>\n<p>O boletim mostra ainda que 19.154 j\u00e1 finalizaram o per\u00edodo de isolamento, n\u00e3o apresentam mais sintomas e, portanto, est\u00e3o recuperados da doen\u00e7a. Outros 4.300 casos est\u00e3o em investiga\u00e7\u00e3o laboratorial.<\/p>\n<p>Entre as pessoas que morreram, 9 moravam em Macei\u00f3 e as outras 8 nas cidades de Barra de S\u00e3o Miguel, Olho d\u00b4\u00c1gua Grande, S\u00e3o Miguel dos Campos, Campo Alevre, Teot\u00f4nio Vilela, Murici, Boca da Mata, Batalha e Santana do Ipanema.<\/p>\n<p>O n\u00famero de leitos criados para atender, exclusivamente, pacientes com suspeita e confirma\u00e7\u00e3o do novo coronav\u00edrus \u00e9 de 1.105. At\u00e9 as 10h da manh\u00e3 desta quinta, a taxa de ocupa\u00e7\u00e3o era de 59%. J\u00e1 a ocupa\u00e7\u00e3o dos leitos de UTI, chegava a 89%.<\/p>\n<p>&nbsp;<\/p>\n<p><strong>Fonte: G1\/AL<\/strong><\/p>\n<p>&nbsp;<\/p>\n","protected":false},"excerpt":{"rendered":"<p>O Boletim Epidemiol\u00f3gico da Secretaria de Estado da Sa\u00fade (Sesau) desta sexta-feira (19) mostra que Alagoas registra 26.906 casos confirmados do novo coronav\u00edrus at\u00e9 o momento. Foram 1.273 novos casos nas \u00faltimas 24h que entraram na contagem da Sesau. J\u00e1 o n\u00famero de mortes \u00e9 de 848. O boletim mostra ainda que 19.154 j\u00e1 finalizaram &hellip;<\/p>\n","protected":false},"author":1,"featured_media":7389,"comment_status":"open","ping_status":"open","sticky":false,"template":"","format":"standard","meta":{"_jetpack_newsletter_access":"","_jetpack_dont_email_post_to_subs":false,"_jetpack_newsletter_tier_id":0,"_jetpack_memberships_contains_paywalled_content":false,"_jetpack_memberships_contains_paid_content":false,"footnotes":""},"categories":[1],"tags":[],"class_list":["post-7388","post","type-post","status-publish","format-standard","has-post-thumbnail","hentry","category-destaque"],"jetpack_sharing_enabled":true,"jetpack_featured_media_url":"","_links":{"self":[{"href":"https:\/\/www.oparanews.com.br\/index.php\/wp-json\/wp\/v2\/posts\/7388","targetHints":{"allow":["GET"]}}],"collection":[{"href":"https:\/\/www.oparanews.com.br\/index.php\/wp-json\/wp\/v2\/posts"}],"about":[{"href":"https:\/\/www.oparanews.com.br\/index.php\/wp-json\/wp\/v2\/types\/post"}],"author":[{"embeddable":true,"href":"https:\/\/www.oparanews.com.br\/index.php\/wp-json\/wp\/v2\/users\/1"}],"replies":[{"embeddable":true,"href":"https:\/\/www.oparanews.com.br\/index.php\/wp-json\/wp\/v2\/comments?post=7388"}],"version-history":[{"count":0,"href":"https:\/\/www.oparanews.com.br\/index.php\/wp-json\/wp\/v2\/posts\/7388\/revisions"}],"wp:attachment":[{"href":"https:\/\/www.oparanews.com.br\/index.php\/wp-json\/wp\/v2\/media?parent=7388"}],"wp:term":[{"taxonomy":"category","embeddable":true,"href":"https:\/\/www.oparanews.com.br\/index.php\/wp-json\/wp\/v2\/categories?post=7388"},{"taxonomy":"post_tag","embeddable":true,"href":"https:\/\/www.oparanews.com.br\/index.php\/wp-json\/wp\/v2\/tags?post=7388"}],"curies":[{"name":"wp","href":"https:\/\/api.w.org\/{rel}","templated":true}]}}