{"id":7398,"date":"2020-06-20T00:44:29","date_gmt":"2020-06-20T00:44:29","guid":{"rendered":"https:\/\/oparanews.com.br\/?p=7398"},"modified":"2020-06-20T00:44:29","modified_gmt":"2020-06-20T00:44:29","slug":"bili-marques-destaca-investimentos-para-saude-publica-de-penedo","status":"publish","type":"post","link":"https:\/\/www.oparanews.com.br\/index.php\/2020\/06\/20\/bili-marques-destaca-investimentos-para-saude-publica-de-penedo\/","title":{"rendered":"Bili Marques destaca investimentos para sa\u00fade p\u00fablica de Penedo"},"content":{"rendered":"<p>Leitos permanentes de UTI em Penedo ser\u00e3o inaugurados na pr\u00f3xima semana. O avan\u00e7o incontest\u00e1vel para o munic\u00edpio que tem sa\u00fade plena \u2013 configura\u00e7\u00e3o administrativa efetivada durante o governo FHC \u2013 e \u00e9 polo de uma regi\u00e3o definida pela Secretaria de Estado da Sa\u00fade, foi enaltecido pelo Vereador Bili Marques.<\/p>\n<p>O parlamentar parabenizou a provedoria da Santa Casa de Miseric\u00f3rdia, onde os seis primeiros leitos de UTI ser\u00e3o instalados, e os governos municipal e estadual pela uni\u00e3o que gerou o benef\u00edcio de car\u00e1ter definitivo, ainda que inicialmente implantada para atender v\u00edtimas da Covid-19 em estado grave.<\/p>\n<p>Al\u00e9m do investimento na Santa Casa, Penedo vai ganhar mais dez leitos de UTI e cl\u00ednicos no antigo Semep, im\u00f3vel em reforma realizada pela Prefeitura de Penedo para ampliar a estrutura capaz de viabilizar a realiza\u00e7\u00e3o de cirurgias de alta complexidade no munic\u00edpio, um legado para Penedo e regi\u00e3o.<\/p>\n<p><strong>Patrulha mecanizada<\/strong><\/p>\n<p>Bili Marques comentou ainda as dificuldades que seu irm\u00e3o e Secret\u00e1rio de Servi\u00e7os P\u00fablicos, Mois\u00e9s Marques, enfrenta para atender as demandas da popula\u00e7\u00e3o, principalmente da zona rural por falta de uma patrulha mecanizada na frota municipal.<\/p>\n<p>Os servi\u00e7os s\u00e3o realizados com m\u00e1quinas alugadas e uma delas quebrou, conforme informou na sess\u00e3o legislativa realizada nesta quinta-feira, 18, inviabilizando o atendimento imediato e at\u00e9 o que estava programado, frisando que o inverno atual tem sido de muita chuva e que Penedo tem muitos povoados.<\/p>\n<p>&nbsp;<\/p>\n<p><strong>Fonte: Assessoria &#8211; CMP<\/strong><\/p>\n<p>&nbsp;<\/p>\n","protected":false},"excerpt":{"rendered":"<p>Leitos permanentes de UTI em Penedo ser\u00e3o inaugurados na pr\u00f3xima semana. O avan\u00e7o incontest\u00e1vel para o munic\u00edpio que tem sa\u00fade plena \u2013 configura\u00e7\u00e3o administrativa efetivada durante o governo FHC \u2013 e \u00e9 polo de uma regi\u00e3o definida pela Secretaria de Estado da Sa\u00fade, foi enaltecido pelo Vereador Bili Marques. O parlamentar parabenizou a provedoria da &hellip;<\/p>\n","protected":false},"author":1,"featured_media":7400,"comment_status":"open","ping_status":"open","sticky":false,"template":"","format":"standard","meta":{"_jetpack_newsletter_access":"","_jetpack_dont_email_post_to_subs":false,"_jetpack_newsletter_tier_id":0,"_jetpack_memberships_contains_paywalled_content":false,"_jetpack_memberships_contains_paid_content":false,"footnotes":""},"categories":[1],"tags":[],"class_list":["post-7398","post","type-post","status-publish","format-standard","has-post-thumbnail","hentry","category-destaque"],"jetpack_sharing_enabled":true,"jetpack_featured_media_url":"","_links":{"self":[{"href":"https:\/\/www.oparanews.com.br\/index.php\/wp-json\/wp\/v2\/posts\/7398","targetHints":{"allow":["GET"]}}],"collection":[{"href":"https:\/\/www.oparanews.com.br\/index.php\/wp-json\/wp\/v2\/posts"}],"about":[{"href":"https:\/\/www.oparanews.com.br\/index.php\/wp-json\/wp\/v2\/types\/post"}],"author":[{"embeddable":true,"href":"https:\/\/www.oparanews.com.br\/index.php\/wp-json\/wp\/v2\/users\/1"}],"replies":[{"embeddable":true,"href":"https:\/\/www.oparanews.com.br\/index.php\/wp-json\/wp\/v2\/comments?post=7398"}],"version-history":[{"count":0,"href":"https:\/\/www.oparanews.com.br\/index.php\/wp-json\/wp\/v2\/posts\/7398\/revisions"}],"wp:attachment":[{"href":"https:\/\/www.oparanews.com.br\/index.php\/wp-json\/wp\/v2\/media?parent=7398"}],"wp:term":[{"taxonomy":"category","embeddable":true,"href":"https:\/\/www.oparanews.com.br\/index.php\/wp-json\/wp\/v2\/categories?post=7398"},{"taxonomy":"post_tag","embeddable":true,"href":"https:\/\/www.oparanews.com.br\/index.php\/wp-json\/wp\/v2\/tags?post=7398"}],"curies":[{"name":"wp","href":"https:\/\/api.w.org\/{rel}","templated":true}]}}