{"id":7405,"date":"2020-06-21T14:25:52","date_gmt":"2020-06-21T14:25:52","guid":{"rendered":"https:\/\/oparanews.com.br\/?p=7405"},"modified":"2020-06-21T14:25:52","modified_gmt":"2020-06-21T14:25:52","slug":"saae-penedo-tem-novo-diretor-geral","status":"publish","type":"post","link":"https:\/\/www.oparanews.com.br\/index.php\/2020\/06\/21\/saae-penedo-tem-novo-diretor-geral\/","title":{"rendered":"SAAE Penedo tem novo diretor geral"},"content":{"rendered":"<p>A Prefeitura Municipal de Penedo publicou no Di\u00e1rio Oficial do Munic\u00edpio, nesta sexta-feira (19), a nomea\u00e7\u00e3o do novo Diretor Geral do SAAE- Servi\u00e7o Aut\u00f4nomo de \u00c1gua e Esgoto.<\/p>\n<p>A portaria assinada pelo Prefeito Marcius Beltr\u00e3o, nomeia para o cargo de diretor geral do SAAE, Carlos Roberto dos Santos Dias, em virtude do falecimento do diretor geral Francisco Luiz Beltr\u00e3o de Azevedo Cavalcanti.<\/p>\n<p>Carlos Dias, como \u00e9 mais conhecido, integrava a equipe montada por Francisco Beltr\u00e3o, que faleceu sendo mais uma v\u00edtima de Covid-19, doen\u00e7a provocada pelo novo Coronav\u00edrus.<\/p>\n<p>O novo Diretor Geral, estava ocupando interinamente a dire\u00e7\u00e3o geral da autarquia municipal, ap\u00f3s o ent\u00e3o diretor Francisco Beltr\u00e3o ser internado, acometido pela Covid-19. Passando a assumir agora o cargo em definitivo.<\/p>\n<p><strong>por Thiago Sobral &#8211; Decom (PMP)<\/strong><\/p>\n<p>&nbsp;<\/p>\n","protected":false},"excerpt":{"rendered":"<p>A Prefeitura Municipal de Penedo publicou no Di\u00e1rio Oficial do Munic\u00edpio, nesta sexta-feira (19), a nomea\u00e7\u00e3o do novo Diretor Geral do SAAE- Servi\u00e7o Aut\u00f4nomo de \u00c1gua e Esgoto. A portaria assinada pelo Prefeito Marcius Beltr\u00e3o, nomeia para o cargo de diretor geral do SAAE, Carlos Roberto dos Santos Dias, em virtude do falecimento do diretor &hellip;<\/p>\n","protected":false},"author":1,"featured_media":7406,"comment_status":"open","ping_status":"open","sticky":false,"template":"","format":"standard","meta":{"_jetpack_newsletter_access":"","_jetpack_dont_email_post_to_subs":false,"_jetpack_newsletter_tier_id":0,"_jetpack_memberships_contains_paywalled_content":false,"_jetpack_memberships_contains_paid_content":false,"footnotes":""},"categories":[1],"tags":[],"class_list":["post-7405","post","type-post","status-publish","format-standard","has-post-thumbnail","hentry","category-destaque"],"jetpack_sharing_enabled":true,"jetpack_featured_media_url":"","_links":{"self":[{"href":"https:\/\/www.oparanews.com.br\/index.php\/wp-json\/wp\/v2\/posts\/7405","targetHints":{"allow":["GET"]}}],"collection":[{"href":"https:\/\/www.oparanews.com.br\/index.php\/wp-json\/wp\/v2\/posts"}],"about":[{"href":"https:\/\/www.oparanews.com.br\/index.php\/wp-json\/wp\/v2\/types\/post"}],"author":[{"embeddable":true,"href":"https:\/\/www.oparanews.com.br\/index.php\/wp-json\/wp\/v2\/users\/1"}],"replies":[{"embeddable":true,"href":"https:\/\/www.oparanews.com.br\/index.php\/wp-json\/wp\/v2\/comments?post=7405"}],"version-history":[{"count":0,"href":"https:\/\/www.oparanews.com.br\/index.php\/wp-json\/wp\/v2\/posts\/7405\/revisions"}],"wp:attachment":[{"href":"https:\/\/www.oparanews.com.br\/index.php\/wp-json\/wp\/v2\/media?parent=7405"}],"wp:term":[{"taxonomy":"category","embeddable":true,"href":"https:\/\/www.oparanews.com.br\/index.php\/wp-json\/wp\/v2\/categories?post=7405"},{"taxonomy":"post_tag","embeddable":true,"href":"https:\/\/www.oparanews.com.br\/index.php\/wp-json\/wp\/v2\/tags?post=7405"}],"curies":[{"name":"wp","href":"https:\/\/api.w.org\/{rel}","templated":true}]}}