{"id":7411,"date":"2020-06-21T14:33:14","date_gmt":"2020-06-21T14:33:14","guid":{"rendered":"https:\/\/oparanews.com.br\/?p=7411"},"modified":"2020-06-21T14:33:14","modified_gmt":"2020-06-21T14:33:14","slug":"homem-de-50-anos-e-preso-com-23-kg-de-maconha-em-arapiraca","status":"publish","type":"post","link":"https:\/\/www.oparanews.com.br\/index.php\/2020\/06\/21\/homem-de-50-anos-e-preso-com-23-kg-de-maconha-em-arapiraca\/","title":{"rendered":"Homem de 50 anos \u00e9 preso com 2,3 kg de maconha em Arapiraca"},"content":{"rendered":"<p>A Pol\u00edcia Militar prendeu um homem de 50 anos por tr\u00e1fico de drogas. Ele foi flagrado com 2,3 kg da droga, balan\u00e7a de precis\u00e3o e 2 rolos de pl\u00e1stico filme. A informa\u00e7\u00e3o foi divulgada neste domingo (21).<\/p>\n<p>A ocorr\u00eancia foi registrada pela For\u00e7a Tarefa 07, do 3\u00ba Batalh\u00e3o de Pol\u00edcia Militar (BPM), na noite de s\u00e1bado (20).<\/p>\n<p>Segundo a PM, a equipe fazia rondas na regi\u00e3o quando abordaram o homem, que n\u00e3o teve o nome divulgado, em um carro de modelo Corsa sedan, de cor branca. Ao fazer a revista, encontraram o material il\u00edcito.<\/p>\n<p>O suspeito e o material apreendido foram levados para a Central de Flagrantes de Arapiraca, onde foi registrado o auto de pris\u00e3o.<\/p>\n<p>&nbsp;<\/p>\n<p><strong>Fonte: G1\/AL<\/strong><\/p>\n<p>&nbsp;<\/p>\n","protected":false},"excerpt":{"rendered":"<p>A Pol\u00edcia Militar prendeu um homem de 50 anos por tr\u00e1fico de drogas. Ele foi flagrado com 2,3 kg da droga, balan\u00e7a de precis\u00e3o e 2 rolos de pl\u00e1stico filme. A informa\u00e7\u00e3o foi divulgada neste domingo (21). A ocorr\u00eancia foi registrada pela For\u00e7a Tarefa 07, do 3\u00ba Batalh\u00e3o de Pol\u00edcia Militar (BPM), na noite de &hellip;<\/p>\n","protected":false},"author":1,"featured_media":7412,"comment_status":"open","ping_status":"open","sticky":false,"template":"","format":"standard","meta":{"_jetpack_newsletter_access":"","_jetpack_dont_email_post_to_subs":false,"_jetpack_newsletter_tier_id":0,"_jetpack_memberships_contains_paywalled_content":false,"_jetpack_memberships_contains_paid_content":false,"footnotes":""},"categories":[1],"tags":[],"class_list":["post-7411","post","type-post","status-publish","format-standard","has-post-thumbnail","hentry","category-destaque"],"jetpack_sharing_enabled":true,"jetpack_featured_media_url":"","_links":{"self":[{"href":"https:\/\/www.oparanews.com.br\/index.php\/wp-json\/wp\/v2\/posts\/7411","targetHints":{"allow":["GET"]}}],"collection":[{"href":"https:\/\/www.oparanews.com.br\/index.php\/wp-json\/wp\/v2\/posts"}],"about":[{"href":"https:\/\/www.oparanews.com.br\/index.php\/wp-json\/wp\/v2\/types\/post"}],"author":[{"embeddable":true,"href":"https:\/\/www.oparanews.com.br\/index.php\/wp-json\/wp\/v2\/users\/1"}],"replies":[{"embeddable":true,"href":"https:\/\/www.oparanews.com.br\/index.php\/wp-json\/wp\/v2\/comments?post=7411"}],"version-history":[{"count":0,"href":"https:\/\/www.oparanews.com.br\/index.php\/wp-json\/wp\/v2\/posts\/7411\/revisions"}],"wp:attachment":[{"href":"https:\/\/www.oparanews.com.br\/index.php\/wp-json\/wp\/v2\/media?parent=7411"}],"wp:term":[{"taxonomy":"category","embeddable":true,"href":"https:\/\/www.oparanews.com.br\/index.php\/wp-json\/wp\/v2\/categories?post=7411"},{"taxonomy":"post_tag","embeddable":true,"href":"https:\/\/www.oparanews.com.br\/index.php\/wp-json\/wp\/v2\/tags?post=7411"}],"curies":[{"name":"wp","href":"https:\/\/api.w.org\/{rel}","templated":true}]}}