{"id":7414,"date":"2020-06-21T14:38:46","date_gmt":"2020-06-21T14:38:46","guid":{"rendered":"https:\/\/oparanews.com.br\/?p=7414"},"modified":"2020-06-21T14:38:46","modified_gmt":"2020-06-21T14:38:46","slug":"crivella-diz-que-nao-pode-haver-jogos-ate-quinta","status":"publish","type":"post","link":"https:\/\/www.oparanews.com.br\/index.php\/2020\/06\/21\/crivella-diz-que-nao-pode-haver-jogos-ate-quinta\/","title":{"rendered":"Crivella diz que n\u00e3o pode haver jogos at\u00e9 quinta"},"content":{"rendered":"<p>Suspende, libera, adia, publica decreto, anula decreto&#8230; O s\u00e1bado foi movimentado para as discuss\u00f5es sobre o futuro do Campeonato Carioca. No centro do debate: Marcelo Crivella. Neste domingo, o prefeito inaugurou uma obra no P\u00f3lo Comunit\u00e1rio de Campo Grande, explicou a decis\u00e3o, mas o impasse continua.<\/p>\n<p>Dependendo de aprova\u00e7\u00e3o de protocolos pela Vigil\u00e2ncia Sanit\u00e1ria, Crivella afirmou que n\u00e3o poder\u00e1 haver jogos de segunda at\u00e9 quarta-feira. Por\u00e9m, como h\u00e1 jogos marcados para quarta, ele falou em &#8220;compatibilizar protocolos&#8221; ao ser questionado.<\/p>\n<p>Crivella disse que o Vasco entraria em campo neste domingo, em jogo j\u00e1 adiado pela Ferj e remarcado para quarta-feira. Depois de dizer que o Vasco poderia jogar neste domingo, ele explicou que uma reuni\u00e3o discutir\u00e1 a libera\u00e7\u00e3o de Flamengo x Boavista na quarta.<\/p>\n<p>&#8211; Quais jogos est\u00e3o suspensos? Os jogos de Botafogo e Fluminense. O Vasco joga hoje? Joga. Porque o decreto quando \u00e9 publicado n\u00e3o vale o dia, o primeiro dia n\u00e3o vale. Conta o \u00faltimo, que est\u00e1 inclu\u00eddo, mas o primeiro n\u00e3o conta. Os jogos de hoje (domingo) v\u00e3o acontecer normalmente. Na segunda, na ter\u00e7a, na quarta, n\u00e3o v\u00e3o poder jogar. H\u00e1 o jogo do Flamengo na quarta-feira, que n\u00f3s esperamos compatibilizar esses dois protocolos na segunda ou na ter\u00e7a em reuni\u00e3o com eles.<\/p>\n<p>O prefeito do Rio de Janeiro declarou ainda que o motivo do decreto \u00e9 uma incompatibilidade entre protocolos de vigil\u00e2ncia sanit\u00e1ria:<\/p>\n<p>&#8211; A quest\u00e3o do futebol \u00e9 a seguinte: houve um novo protocolo da vigil\u00e2ncia sanit\u00e1ria apresentado pela Federa\u00e7\u00e3o. Ent\u00e3o, a vigil\u00e2ncia sanit\u00e1ria do Rio de Janeiro pediu para fazer uma reuni\u00e3o com eles e estabelecer, compatibilizar o que eles colocam no protocolo dele com o nosso. Isso que vamos fazer segunda, ter\u00e7a e quarta. Ent\u00e3o, nesses dias, n\u00e3o vamos ter futebol.<\/p>\n<p>As partidas, v\u00e1lidas pela quarta rodada da Ta\u00e7a Rio, dariam sequ\u00eancia \u00e0 retomada do Carioca, iniciada na quinta com a vit\u00f3ria do Flamengo sobre o Bangu &#8211; a competi\u00e7\u00e3o foi paralisada em 16 de mar\u00e7o por conta da pandemia do novo coronav\u00edrus. Por\u00e9m, motivaram uma sucess\u00e3o de decis\u00f5es confusas ao longo do s\u00e1bado.<\/p>\n<p>O dia contou com reuni\u00e3o fracassada com o STJD, decreto do prefeito Marcelo Crivella &#8211; que depois voltou atr\u00e1s em parte do conte\u00fado da publica\u00e7\u00e3o -, poss\u00edvel mudan\u00e7a de local dos jogos de domingo e finalmente adiamento dos confrontos.<\/p>\n<p>&nbsp;<\/p>\n<p><strong>Fonte: Globoesporte<\/strong><\/p>\n<p>&nbsp;<\/p>\n","protected":false},"excerpt":{"rendered":"<p>Suspende, libera, adia, publica decreto, anula decreto&#8230; O s\u00e1bado foi movimentado para as discuss\u00f5es sobre o futuro do Campeonato Carioca. No centro do debate: Marcelo Crivella. Neste domingo, o prefeito inaugurou uma obra no P\u00f3lo Comunit\u00e1rio de Campo Grande, explicou a decis\u00e3o, mas o impasse continua. Dependendo de aprova\u00e7\u00e3o de protocolos pela Vigil\u00e2ncia Sanit\u00e1ria, Crivella &hellip;<\/p>\n","protected":false},"author":1,"featured_media":7415,"comment_status":"open","ping_status":"open","sticky":false,"template":"","format":"standard","meta":{"_jetpack_newsletter_access":"","_jetpack_dont_email_post_to_subs":false,"_jetpack_newsletter_tier_id":0,"_jetpack_memberships_contains_paywalled_content":false,"_jetpack_memberships_contains_paid_content":false,"footnotes":""},"categories":[1],"tags":[],"class_list":["post-7414","post","type-post","status-publish","format-standard","has-post-thumbnail","hentry","category-destaque"],"jetpack_sharing_enabled":true,"jetpack_featured_media_url":"","_links":{"self":[{"href":"https:\/\/www.oparanews.com.br\/index.php\/wp-json\/wp\/v2\/posts\/7414","targetHints":{"allow":["GET"]}}],"collection":[{"href":"https:\/\/www.oparanews.com.br\/index.php\/wp-json\/wp\/v2\/posts"}],"about":[{"href":"https:\/\/www.oparanews.com.br\/index.php\/wp-json\/wp\/v2\/types\/post"}],"author":[{"embeddable":true,"href":"https:\/\/www.oparanews.com.br\/index.php\/wp-json\/wp\/v2\/users\/1"}],"replies":[{"embeddable":true,"href":"https:\/\/www.oparanews.com.br\/index.php\/wp-json\/wp\/v2\/comments?post=7414"}],"version-history":[{"count":0,"href":"https:\/\/www.oparanews.com.br\/index.php\/wp-json\/wp\/v2\/posts\/7414\/revisions"}],"wp:attachment":[{"href":"https:\/\/www.oparanews.com.br\/index.php\/wp-json\/wp\/v2\/media?parent=7414"}],"wp:term":[{"taxonomy":"category","embeddable":true,"href":"https:\/\/www.oparanews.com.br\/index.php\/wp-json\/wp\/v2\/categories?post=7414"},{"taxonomy":"post_tag","embeddable":true,"href":"https:\/\/www.oparanews.com.br\/index.php\/wp-json\/wp\/v2\/tags?post=7414"}],"curies":[{"name":"wp","href":"https:\/\/api.w.org\/{rel}","templated":true}]}}