{"id":7417,"date":"2020-06-21T14:43:33","date_gmt":"2020-06-21T14:43:33","guid":{"rendered":"https:\/\/oparanews.com.br\/?p=7417"},"modified":"2020-06-21T14:43:33","modified_gmt":"2020-06-21T14:43:33","slug":"covid-19-corinthians-diz-que-8-atletas-testaram-positivo","status":"publish","type":"post","link":"https:\/\/www.oparanews.com.br\/index.php\/2020\/06\/21\/covid-19-corinthians-diz-que-8-atletas-testaram-positivo\/","title":{"rendered":"Covid-19: Corinthians diz que 8 atletas testaram positivo"},"content":{"rendered":"<p>O Corinthians divulgou na noite deste s\u00e1bado um balan\u00e7o dos exames da covid-19 realizados nos \u00faltimos dias entre funcion\u00e1rios do CT, comiss\u00e3o t\u00e9cnica e elenco profissional. Dos 190 testes, 13 tiveram resultado positivo para coronav\u00edrus, mas todos os casos s\u00e3o assintom\u00e1ticos. Entre os infectados, oito s\u00e3o jogadores e ficar\u00e3o dez dias afastados das atividades no CT. Prepara\u00e7\u00e3o para a volta come\u00e7a na pr\u00f3xima ter\u00e7a-feira, com avalia\u00e7\u00f5es f\u00edsicas.<\/p>\n<p>Ao todo, 19 jogadores se reapresentar\u00e3o na pr\u00f3xima segunda-feira no CT Joaquim Grava para retirarem seus EPIs (Equipamentos de Prote\u00e7\u00e3o Individual) e materiais de treino, que ser\u00e3o de uso pessoal e passar\u00e3o a ser higienizados na casa de cada um ap\u00f3s a utiliza\u00e7\u00e3o durante os dias de trabalho.<\/p>\n<p>A partir da pr\u00f3xima ter\u00e7a-feira, todos esses 19 atletas liberados pelo departamento m\u00e9dico do clube passar\u00e3o por uma bateria de avalia\u00e7\u00f5es f\u00edsicas, testes bioqu\u00edmicos e fisiol\u00f3gicos para o retorno das atividades.Os outros cinco testes que deram positivo pertencem a membros da comiss\u00e3o t\u00e9cnica e funcion\u00e1rios de outros setores do centro de treinamento. Da mesma forma que os atletas, ficar\u00e3o em isolamento por dez dias e passar\u00e3o por novos exames em breve. J\u00f4, contratado durante a \u00faltima semana, n\u00e3o passou pelos testes nos \u00faltimos dias e far\u00e1 isso no in\u00edcio da pr\u00f3xima semana.<\/p>\n<p>O massagista Raimundo &#8220;Cear\u00e1&#8221;, que apresentou sintomas de COVID-19, foi hospitalizado e apresentou melhora. Como \u00e9 do grupo de risco, por ter mais de 60 anos, ser\u00e1 preservado das atividades e receber\u00e1 atendimento m\u00e9dico di\u00e1rio. Ou outros funcion\u00e1rios dessa faixa et\u00e1ria tamb\u00e9m permanecem afastados.<\/p>\n<p>&nbsp;<\/p>\n<p><strong>Fonte: Globoesporte<\/strong><\/p>\n<p>&nbsp;<\/p>\n","protected":false},"excerpt":{"rendered":"<p>O Corinthians divulgou na noite deste s\u00e1bado um balan\u00e7o dos exames da covid-19 realizados nos \u00faltimos dias entre funcion\u00e1rios do CT, comiss\u00e3o t\u00e9cnica e elenco profissional. Dos 190 testes, 13 tiveram resultado positivo para coronav\u00edrus, mas todos os casos s\u00e3o assintom\u00e1ticos. Entre os infectados, oito s\u00e3o jogadores e ficar\u00e3o dez dias afastados das atividades no &hellip;<\/p>\n","protected":false},"author":1,"featured_media":7418,"comment_status":"open","ping_status":"open","sticky":false,"template":"","format":"standard","meta":{"_jetpack_newsletter_access":"","_jetpack_dont_email_post_to_subs":false,"_jetpack_newsletter_tier_id":0,"_jetpack_memberships_contains_paywalled_content":false,"_jetpack_memberships_contains_paid_content":false,"footnotes":""},"categories":[1],"tags":[],"class_list":["post-7417","post","type-post","status-publish","format-standard","has-post-thumbnail","hentry","category-destaque"],"jetpack_sharing_enabled":true,"jetpack_featured_media_url":"","_links":{"self":[{"href":"https:\/\/www.oparanews.com.br\/index.php\/wp-json\/wp\/v2\/posts\/7417","targetHints":{"allow":["GET"]}}],"collection":[{"href":"https:\/\/www.oparanews.com.br\/index.php\/wp-json\/wp\/v2\/posts"}],"about":[{"href":"https:\/\/www.oparanews.com.br\/index.php\/wp-json\/wp\/v2\/types\/post"}],"author":[{"embeddable":true,"href":"https:\/\/www.oparanews.com.br\/index.php\/wp-json\/wp\/v2\/users\/1"}],"replies":[{"embeddable":true,"href":"https:\/\/www.oparanews.com.br\/index.php\/wp-json\/wp\/v2\/comments?post=7417"}],"version-history":[{"count":0,"href":"https:\/\/www.oparanews.com.br\/index.php\/wp-json\/wp\/v2\/posts\/7417\/revisions"}],"wp:attachment":[{"href":"https:\/\/www.oparanews.com.br\/index.php\/wp-json\/wp\/v2\/media?parent=7417"}],"wp:term":[{"taxonomy":"category","embeddable":true,"href":"https:\/\/www.oparanews.com.br\/index.php\/wp-json\/wp\/v2\/categories?post=7417"},{"taxonomy":"post_tag","embeddable":true,"href":"https:\/\/www.oparanews.com.br\/index.php\/wp-json\/wp\/v2\/tags?post=7417"}],"curies":[{"name":"wp","href":"https:\/\/api.w.org\/{rel}","templated":true}]}}