{"id":7423,"date":"2020-06-21T14:48:44","date_gmt":"2020-06-21T14:48:44","guid":{"rendered":"https:\/\/oparanews.com.br\/?p=7423"},"modified":"2020-06-21T14:48:44","modified_gmt":"2020-06-21T14:48:44","slug":"trump-diz-ter-pedido-reducao-de-testes-e-cita-o-brasil","status":"publish","type":"post","link":"https:\/\/www.oparanews.com.br\/index.php\/2020\/06\/21\/trump-diz-ter-pedido-reducao-de-testes-e-cita-o-brasil\/","title":{"rendered":"Trump diz ter pedido redu\u00e7\u00e3o de testes e cita o Brasil"},"content":{"rendered":"<p>O presidente dos Estados Unidos, Donald Trump, admitiu na noite de s\u00e1bado (20), durante um com\u00edcio em Tulsa, Oklahoma, que pediu para o governo reduzir o n\u00famero de exames para o novo coronav\u00edrus.<\/p>\n<p>Segundo o mandat\u00e1rio, quanto mais testes forem feitos, &#8220;mais casos voc\u00ea vai encontrar&#8221;. &#8220;Ent\u00e3o eu disse para minha equipe: &#8216;reduzam os testes&#8217;. Mas eles testam e testam&#8221;, declarou Trump.<\/p>\n<p>Os Estados Unidos lideram em n\u00famero de cont\u00e1gios e mortes pelo novo coronav\u00edrus no mundo, com 2,3 milh\u00f5es de casos e 120 mil \u00f3bitos.<\/p>\n<p>A testagem em massa \u00e9 considerada por autoridades sanit\u00e1rias como uma das principais estrat\u00e9gias de combate \u00e0 pandemia e para garantir a reabertura segura das atividades nos pa\u00edses, mas, para Trump, os exames s\u00e3o uma &#8220;espada de dois gumes&#8221;.<\/p>\n<p>O evento em Tulsa marcou o retorno do presidente aos com\u00edcios eleitorais depois do longo isolamento imposto pela pandemia, mas o p\u00fablico ficou abaixo do esperado. O pr\u00f3prio Trump chegou a dizer que 1 milh\u00e3o de pessoas haviam pedido para participar, por\u00e9m a arena, com capacidade para 19 mil, apresentava grandes espa\u00e7os vazios, especialmente no anel superior.<\/p>\n<p>Al\u00e9m disso, o mandat\u00e1rio cancelou um discurso que faria em um palco montado no lado externo do gin\u00e1sio devido \u00e0 falta de p\u00fablico. Durante o com\u00edcio, Trump tamb\u00e9m mencionou a situa\u00e7\u00e3o do Brasil, segundo pa\u00eds em n\u00famero de casos do novo coronav\u00edrus, com mais de 1 milh\u00e3o.<\/p>\n<p>&#8220;Pergunte a eles como est\u00e3o no Brasil, \u00e9 um grande amigo meu, n\u00e3o est\u00e3o muito bem&#8221;, declarou.<\/p>\n<p>&nbsp;<\/p>\n<p><strong>Fonte: Terra<\/strong><\/p>\n<p>&nbsp;<\/p>\n","protected":false},"excerpt":{"rendered":"<p>O presidente dos Estados Unidos, Donald Trump, admitiu na noite de s\u00e1bado (20), durante um com\u00edcio em Tulsa, Oklahoma, que pediu para o governo reduzir o n\u00famero de exames para o novo coronav\u00edrus. Segundo o mandat\u00e1rio, quanto mais testes forem feitos, &#8220;mais casos voc\u00ea vai encontrar&#8221;. &#8220;Ent\u00e3o eu disse para minha equipe: &#8216;reduzam os testes&#8217;. &hellip;<\/p>\n","protected":false},"author":1,"featured_media":7424,"comment_status":"open","ping_status":"open","sticky":false,"template":"","format":"standard","meta":{"_jetpack_newsletter_access":"","_jetpack_dont_email_post_to_subs":false,"_jetpack_newsletter_tier_id":0,"_jetpack_memberships_contains_paywalled_content":false,"_jetpack_memberships_contains_paid_content":false,"footnotes":""},"categories":[1],"tags":[],"class_list":["post-7423","post","type-post","status-publish","format-standard","has-post-thumbnail","hentry","category-destaque"],"jetpack_sharing_enabled":true,"jetpack_featured_media_url":"","_links":{"self":[{"href":"https:\/\/www.oparanews.com.br\/index.php\/wp-json\/wp\/v2\/posts\/7423","targetHints":{"allow":["GET"]}}],"collection":[{"href":"https:\/\/www.oparanews.com.br\/index.php\/wp-json\/wp\/v2\/posts"}],"about":[{"href":"https:\/\/www.oparanews.com.br\/index.php\/wp-json\/wp\/v2\/types\/post"}],"author":[{"embeddable":true,"href":"https:\/\/www.oparanews.com.br\/index.php\/wp-json\/wp\/v2\/users\/1"}],"replies":[{"embeddable":true,"href":"https:\/\/www.oparanews.com.br\/index.php\/wp-json\/wp\/v2\/comments?post=7423"}],"version-history":[{"count":0,"href":"https:\/\/www.oparanews.com.br\/index.php\/wp-json\/wp\/v2\/posts\/7423\/revisions"}],"wp:attachment":[{"href":"https:\/\/www.oparanews.com.br\/index.php\/wp-json\/wp\/v2\/media?parent=7423"}],"wp:term":[{"taxonomy":"category","embeddable":true,"href":"https:\/\/www.oparanews.com.br\/index.php\/wp-json\/wp\/v2\/categories?post=7423"},{"taxonomy":"post_tag","embeddable":true,"href":"https:\/\/www.oparanews.com.br\/index.php\/wp-json\/wp\/v2\/tags?post=7423"}],"curies":[{"name":"wp","href":"https:\/\/api.w.org\/{rel}","templated":true}]}}