{"id":7434,"date":"2020-06-23T00:15:50","date_gmt":"2020-06-23T00:15:50","guid":{"rendered":"https:\/\/oparanews.com.br\/?p=7434"},"modified":"2020-06-23T00:15:50","modified_gmt":"2020-06-23T00:15:50","slug":"alagoas-tem-29-395-casos-da-covid-19-e-903-obitos","status":"publish","type":"post","link":"https:\/\/www.oparanews.com.br\/index.php\/2020\/06\/23\/alagoas-tem-29-395-casos-da-covid-19-e-903-obitos\/","title":{"rendered":"Alagoas tem 29.395 casos da Covid-19 e 903 \u00f3bitos"},"content":{"rendered":"<p>O Boletim Epidemiol\u00f3gico desta segunda-feira (22\/06) confirma mais 738 casos de Covid-19 em Alagoas. Dessa forma, o estado tem um total de 29.395 casos confirmados do novo coronav\u00edrus at\u00e9 o momento, dos quais 6.851 est\u00e3o em isolamento domiciliar e 277 internados em leitos p\u00fablicos e privados. Outros 21.362 pacientes j\u00e1 finalizaram o per\u00edodo de isolamento, n\u00e3o apresentam mais sintomas e, portanto, est\u00e3o recuperados da doen\u00e7a. H\u00e1 3.192 casos em investiga\u00e7\u00e3o laboratorial. Foram registradas mais 19 mortes em territ\u00f3rio alagoano. Com isso, Alagoas tem 903 \u00f3bitos por Covid-19.<\/p>\n<p><a href=\"https:\/\/oparanews.com.br\/wp-content\/uploads\/2020\/06\/Sem-t\u00edtulo-53.jpg\"><img loading=\"lazy\" decoding=\"async\" class=\"alignleft size-medium wp-image-7435\" src=\"https:\/\/oparanews.com.br\/wp-content\/uploads\/2020\/06\/Sem-t\u00edtulo-53-240x300.jpg\" alt=\"\" width=\"240\" height=\"300\" \/><\/a>Mais 19 mortes foram confirmadas, laboratorialmente, por causa do novo coronav\u00edrus. Treze \u00f3bitos eram de pessoas residentes em Macei\u00f3, sendo oito mulheres, com idades de 84, 68, 60, 37, 83, 82, 65 e 47 anos; e cinco homens de 61, 81, 60, 83 e 46 anos.<\/p>\n<p>Leitos de Covid-19 do Estado \u2013 Dos 1.161 leitos criados pela Secretaria de Estado da Sa\u00fade (Sesau) para atender, exclusivamente, pacientes com suspeita e confirma\u00e7\u00e3o de infec\u00e7\u00e3o pelo novo coronav\u00edrus, 612 estavam ocupados at\u00e9 as 11h desta segunda-feira (22\/06), o que corresponde a 53% do total. Atualmente, 196 pacientes est\u00e3o em leitos de UTI, 01 em leitos intermedi\u00e1rios e 415 em enfermaria.<\/p>\n<p>&nbsp;<\/p>\n<p><strong>Fonte: Ag\u00eancia Alagoas<\/strong><\/p>\n<p>&nbsp;<\/p>\n","protected":false},"excerpt":{"rendered":"<p>O Boletim Epidemiol\u00f3gico desta segunda-feira (22\/06) confirma mais 738 casos de Covid-19 em Alagoas. Dessa forma, o estado tem um total de 29.395 casos confirmados do novo coronav\u00edrus at\u00e9 o momento, dos quais 6.851 est\u00e3o em isolamento domiciliar e 277 internados em leitos p\u00fablicos e privados. Outros 21.362 pacientes j\u00e1 finalizaram o per\u00edodo de isolamento, &hellip;<\/p>\n","protected":false},"author":1,"featured_media":7436,"comment_status":"open","ping_status":"open","sticky":false,"template":"","format":"standard","meta":{"_jetpack_newsletter_access":"","_jetpack_dont_email_post_to_subs":false,"_jetpack_newsletter_tier_id":0,"_jetpack_memberships_contains_paywalled_content":false,"_jetpack_memberships_contains_paid_content":false,"footnotes":""},"categories":[1],"tags":[],"class_list":["post-7434","post","type-post","status-publish","format-standard","has-post-thumbnail","hentry","category-destaque"],"jetpack_sharing_enabled":true,"jetpack_featured_media_url":"","_links":{"self":[{"href":"https:\/\/www.oparanews.com.br\/index.php\/wp-json\/wp\/v2\/posts\/7434","targetHints":{"allow":["GET"]}}],"collection":[{"href":"https:\/\/www.oparanews.com.br\/index.php\/wp-json\/wp\/v2\/posts"}],"about":[{"href":"https:\/\/www.oparanews.com.br\/index.php\/wp-json\/wp\/v2\/types\/post"}],"author":[{"embeddable":true,"href":"https:\/\/www.oparanews.com.br\/index.php\/wp-json\/wp\/v2\/users\/1"}],"replies":[{"embeddable":true,"href":"https:\/\/www.oparanews.com.br\/index.php\/wp-json\/wp\/v2\/comments?post=7434"}],"version-history":[{"count":0,"href":"https:\/\/www.oparanews.com.br\/index.php\/wp-json\/wp\/v2\/posts\/7434\/revisions"}],"wp:attachment":[{"href":"https:\/\/www.oparanews.com.br\/index.php\/wp-json\/wp\/v2\/media?parent=7434"}],"wp:term":[{"taxonomy":"category","embeddable":true,"href":"https:\/\/www.oparanews.com.br\/index.php\/wp-json\/wp\/v2\/categories?post=7434"},{"taxonomy":"post_tag","embeddable":true,"href":"https:\/\/www.oparanews.com.br\/index.php\/wp-json\/wp\/v2\/tags?post=7434"}],"curies":[{"name":"wp","href":"https:\/\/api.w.org\/{rel}","templated":true}]}}