{"id":7438,"date":"2020-06-23T00:16:58","date_gmt":"2020-06-23T00:16:58","guid":{"rendered":"https:\/\/oparanews.com.br\/?p=7438"},"modified":"2020-06-23T00:16:58","modified_gmt":"2020-06-23T00:16:58","slug":"governo-de-alagoas-abre-mais-24-leitos-para-covid-19-em-penedo-nesta-terca-23","status":"publish","type":"post","link":"https:\/\/www.oparanews.com.br\/index.php\/2020\/06\/23\/governo-de-alagoas-abre-mais-24-leitos-para-covid-19-em-penedo-nesta-terca-23\/","title":{"rendered":"Governo de Alagoas abre mais 24 leitos para Covid-19 em Penedo nesta ter\u00e7a, 23"},"content":{"rendered":"<p>O Governo de Alagoas abre, nesta ter\u00e7a-feira (23), em Penedo, no Baixo S\u00e3o Francisco, 24 leitos para tratar casos da Covid-19, doen\u00e7a provocada pelo novo coronav\u00edrus. Ser\u00e3o 18 cl\u00ednicos e 6 de UTI (Unidade de Terapia Intensiva). \u00c0s 10 horas, o governador Renan Filho e o secret\u00e1rio de Estado da Sa\u00fade, Alexandre Ayres, fazem a entrega dos equipamentos, que foram instalados na Santa Casa de Miseric\u00f3rdia.<\/p>\n<p>Com essa abertura, Penedo passa a contar com 27 leitos exclusivos para Covid. Tr\u00eas deles j\u00e1 estavam em funcionamento da Unidade de Pronto Atendimento (UPA) do munic\u00edpio, que pertencente \u00e0 6\u00aa Regi\u00e3o de Sa\u00fade, localizado na 1\u00aa Macrorregi\u00e3o.<\/p>\n<p>Alagoas possui, at\u00e9 o momento, 1.161 leitos exclusivos para tratar casos da Covid-19 em todo o Estado, sendo 891 cl\u00ednicos, 239 de UTI e 31 de UTI intermedi\u00e1ria. A meta do Governo \u00e9 chegar a 1.300 leitos destinados exclusivamente ao enfrentamento da pandemia.<\/p>\n<p>A abertura dos novos leitos em Penedo ter\u00e1 transmiss\u00e3o on-line. A imprensa poder\u00e1 acompanhar atrav\u00e9s dos canais oficiais do Governo de Alagoas no Facebook (Governo de Alagoas) e no Instagram (@governodealagoas).<\/p>\n<p>&nbsp;<\/p>\n<p><strong>Fonte: Ag\u00eancia Alagoas<\/strong><\/p>\n<p>&nbsp;<\/p>\n","protected":false},"excerpt":{"rendered":"<p>O Governo de Alagoas abre, nesta ter\u00e7a-feira (23), em Penedo, no Baixo S\u00e3o Francisco, 24 leitos para tratar casos da Covid-19, doen\u00e7a provocada pelo novo coronav\u00edrus. Ser\u00e3o 18 cl\u00ednicos e 6 de UTI (Unidade de Terapia Intensiva). \u00c0s 10 horas, o governador Renan Filho e o secret\u00e1rio de Estado da Sa\u00fade, Alexandre Ayres, fazem a &hellip;<\/p>\n","protected":false},"author":1,"featured_media":7439,"comment_status":"open","ping_status":"open","sticky":false,"template":"","format":"standard","meta":{"_jetpack_newsletter_access":"","_jetpack_dont_email_post_to_subs":false,"_jetpack_newsletter_tier_id":0,"_jetpack_memberships_contains_paywalled_content":false,"_jetpack_memberships_contains_paid_content":false,"footnotes":""},"categories":[1],"tags":[],"class_list":["post-7438","post","type-post","status-publish","format-standard","has-post-thumbnail","hentry","category-destaque"],"jetpack_sharing_enabled":true,"jetpack_featured_media_url":"","_links":{"self":[{"href":"https:\/\/www.oparanews.com.br\/index.php\/wp-json\/wp\/v2\/posts\/7438","targetHints":{"allow":["GET"]}}],"collection":[{"href":"https:\/\/www.oparanews.com.br\/index.php\/wp-json\/wp\/v2\/posts"}],"about":[{"href":"https:\/\/www.oparanews.com.br\/index.php\/wp-json\/wp\/v2\/types\/post"}],"author":[{"embeddable":true,"href":"https:\/\/www.oparanews.com.br\/index.php\/wp-json\/wp\/v2\/users\/1"}],"replies":[{"embeddable":true,"href":"https:\/\/www.oparanews.com.br\/index.php\/wp-json\/wp\/v2\/comments?post=7438"}],"version-history":[{"count":0,"href":"https:\/\/www.oparanews.com.br\/index.php\/wp-json\/wp\/v2\/posts\/7438\/revisions"}],"wp:attachment":[{"href":"https:\/\/www.oparanews.com.br\/index.php\/wp-json\/wp\/v2\/media?parent=7438"}],"wp:term":[{"taxonomy":"category","embeddable":true,"href":"https:\/\/www.oparanews.com.br\/index.php\/wp-json\/wp\/v2\/categories?post=7438"},{"taxonomy":"post_tag","embeddable":true,"href":"https:\/\/www.oparanews.com.br\/index.php\/wp-json\/wp\/v2\/tags?post=7438"}],"curies":[{"name":"wp","href":"https:\/\/api.w.org\/{rel}","templated":true}]}}