{"id":7441,"date":"2020-06-23T00:19:06","date_gmt":"2020-06-23T00:19:06","guid":{"rendered":"https:\/\/oparanews.com.br\/?p=7441"},"modified":"2020-06-23T00:19:06","modified_gmt":"2020-06-23T00:19:06","slug":"alagoas-prorroga-medidas-de-isolamento-ate-30-de-junho","status":"publish","type":"post","link":"https:\/\/www.oparanews.com.br\/index.php\/2020\/06\/23\/alagoas-prorroga-medidas-de-isolamento-ate-30-de-junho\/","title":{"rendered":"Alagoas prorroga medidas de isolamento at\u00e9 30 de junho"},"content":{"rendered":"<p>O governo de Alagoas informou que o novo decreto de emerg\u00eancia prorroga as medidas de isolamento contra o coronav\u00edrus no estado at\u00e9 o dia 30 de junho. O anterior tinha validade at\u00e9 as 23h59 desta segunda-feira (22). As regras s\u00e3o as mesmas que j\u00e1 est\u00e3o em vigor atualmente e passam a valer a partir de ter\u00e7a (23).<\/p>\n<p>Os detalhes do decreto foram anunciados pelo governador Renan Filho (MDB) por meio de uma transmiss\u00e3o nas redes sociais. Antes, a ideia era come\u00e7ar a retomada dos setores da economia a partir do dia 23 de junho, mas agora essa retomada foi adiada para julho.<\/p>\n<p>&#8220;Esse decreto ser\u00e1 necess\u00e1rio para finalizar, consolidar a tend\u00eancia de queda dos casos de coronav\u00edrus, sobretudo os casos mais graves e trabalhar para que a sociedade volte a viver mais pr\u00f3ximo do que a gente vivia antes dessa pandemia&#8221;, afirmou Renan Filho.<\/p>\n<p>O governador ressaltou que \u00e9 preciso que a popula\u00e7\u00e3o siga as regras de distanciamento e isolamento social para consolidar o controle do cont\u00e1gio da pandemia e poder p\u00f4r em pr\u00e1tica a reabertura.<\/p>\n<p>O protocolo para essa retomada j\u00e1 foi publicado, mas sem datas. Um novo documento deve ser apresentado na pr\u00f3xima sexta (26) com as datas e os prazos definidos entre uma fase e outra.<\/p>\n<p>&nbsp;<\/p>\n<p><strong>Fonte: G1\/AL<\/strong><\/p>\n<p>&nbsp;<\/p>\n","protected":false},"excerpt":{"rendered":"<p>O governo de Alagoas informou que o novo decreto de emerg\u00eancia prorroga as medidas de isolamento contra o coronav\u00edrus no estado at\u00e9 o dia 30 de junho. O anterior tinha validade at\u00e9 as 23h59 desta segunda-feira (22). As regras s\u00e3o as mesmas que j\u00e1 est\u00e3o em vigor atualmente e passam a valer a partir de &hellip;<\/p>\n","protected":false},"author":1,"featured_media":7442,"comment_status":"open","ping_status":"open","sticky":false,"template":"","format":"standard","meta":{"_jetpack_newsletter_access":"","_jetpack_dont_email_post_to_subs":false,"_jetpack_newsletter_tier_id":0,"_jetpack_memberships_contains_paywalled_content":false,"_jetpack_memberships_contains_paid_content":false,"footnotes":""},"categories":[1],"tags":[],"class_list":["post-7441","post","type-post","status-publish","format-standard","has-post-thumbnail","hentry","category-destaque"],"jetpack_sharing_enabled":true,"jetpack_featured_media_url":"","_links":{"self":[{"href":"https:\/\/www.oparanews.com.br\/index.php\/wp-json\/wp\/v2\/posts\/7441","targetHints":{"allow":["GET"]}}],"collection":[{"href":"https:\/\/www.oparanews.com.br\/index.php\/wp-json\/wp\/v2\/posts"}],"about":[{"href":"https:\/\/www.oparanews.com.br\/index.php\/wp-json\/wp\/v2\/types\/post"}],"author":[{"embeddable":true,"href":"https:\/\/www.oparanews.com.br\/index.php\/wp-json\/wp\/v2\/users\/1"}],"replies":[{"embeddable":true,"href":"https:\/\/www.oparanews.com.br\/index.php\/wp-json\/wp\/v2\/comments?post=7441"}],"version-history":[{"count":0,"href":"https:\/\/www.oparanews.com.br\/index.php\/wp-json\/wp\/v2\/posts\/7441\/revisions"}],"wp:attachment":[{"href":"https:\/\/www.oparanews.com.br\/index.php\/wp-json\/wp\/v2\/media?parent=7441"}],"wp:term":[{"taxonomy":"category","embeddable":true,"href":"https:\/\/www.oparanews.com.br\/index.php\/wp-json\/wp\/v2\/categories?post=7441"},{"taxonomy":"post_tag","embeddable":true,"href":"https:\/\/www.oparanews.com.br\/index.php\/wp-json\/wp\/v2\/tags?post=7441"}],"curies":[{"name":"wp","href":"https:\/\/api.w.org\/{rel}","templated":true}]}}