{"id":7447,"date":"2020-06-23T16:40:55","date_gmt":"2020-06-23T16:40:55","guid":{"rendered":"https:\/\/oparanews.com.br\/?p=7447"},"modified":"2020-06-23T16:40:55","modified_gmt":"2020-06-23T16:40:55","slug":"combate-ao-coronavirus-abre-leitos-de-uti-em-penedo","status":"publish","type":"post","link":"https:\/\/www.oparanews.com.br\/index.php\/2020\/06\/23\/combate-ao-coronavirus-abre-leitos-de-uti-em-penedo\/","title":{"rendered":"Combate ao coronav\u00edrus abre leitos de UTI em Penedo"},"content":{"rendered":"<p>As estrat\u00e9gias de combate ao coronav\u00edrus recebem um refor\u00e7o importante em Penedo. A cidade refer\u00eancia para a regi\u00e3o do Baixo S\u00e3o Francisco conta com 25 leitos exclusivos para v\u00edtimas da doen\u00e7a, sete de Unidade de Tratamento Intensivo (UTI) e 18 de enfermaria.<\/p>\n<p>A nova estrutura de enfrentamento da doen\u00e7a que causou mais de 900 mortes em Alagoas at\u00e9 o in\u00edcio desta semana foi inaugurada nesta ter\u00e7a-feira, 23. Batizada com o nome do bispo diocesano Dom Val\u00e9rio Breda, a ala \u00e9 exclusiva para pacientes com Covid-19 e funciona no Hospital Regional da Santa Casa de Miseric\u00f3rdia.<\/p>\n<p>A solenidade de inaugura\u00e7\u00e3o transmitida ao vivo pelo Departamento de Comunica\u00e7\u00e3o Social da Prefeitura de Penedo foi restrita ao p\u00fablico, sendo acompanhada por profissionais da imprensa, autoridades locais e estaduais e funcion\u00e1rios da unidade de sa\u00fade.<\/p>\n<p>A estrutura instalada em Penedo reduzir\u00e1 a busca pelo servi\u00e7o em Arapiraca e Coruripe, cidades mais pr\u00f3ximas j\u00e1 equipadas com leitos de UTI e de retaguarda destinados apenas para pessoas infectadas por Covid-19.<\/p>\n<p>Durante a solenidade, o governador Renan Filho criticou a falta de prioridade de gest\u00f5es passadas em investimentos na \u00e1rea de sa\u00fade, para Penedo, e elogiou o trabalho da gest\u00e3o Marcius Beltr\u00e3o\/Ronaldo Lopes, realizado em m\u00e9dia acima da maioria dos munic\u00edpios alagoanos.<\/p>\n<p><strong>Salvar vidas<\/strong><\/p>\n<p>\u201cA pandemia trouxe um volume de investimentos maior, mas n\u00f3s vamos manter os leitos de UTI em Penedo depois para salvar a vida de pessoas com problema de cora\u00e7\u00e3o, com AVC\u201d, exemplificou Renan Filho sobre a perman\u00eancia da estrutura que possibilita acesso mais r\u00e1pido e pr\u00f3ximo para moradores de Penedo e regi\u00e3o ribeirinha.<\/p>\n<p>\u201cEssa importante vit\u00f3ria, aspira\u00e7\u00e3o antiga de uma UTI em Penedo, \u00e9 conseguida por conta da uni\u00e3o de esfor\u00e7os do governo do Estado, da Prefeitura de Penedo e de nossa Santa Casa, todos conscientes da gravidade do momento em que vivemos\u201d, destacou o vice-provedor da institui\u00e7\u00e3o de sa\u00fade, Eduardo Regueira.<\/p>\n<p>\u201cT\u00e3o logo essa pandemia passe \u2013 e ela vai passar, n\u00f3s vamos vencer \u2013 o legado dessa UTI vai ficar e isso \u00e9 muito importante para a sa\u00fade das pessoas porque vai evitar esse sofrimento das pessoas terem que se deslocar para outras cidades e fazer cirurgias que poder\u00e3o ser feitas na nossa cidade\u201d, destacou Ronaldo Lopes, enaltecendo a condi\u00e7\u00e3o de refer\u00eancia do munic\u00edpio.<\/p>\n<p><strong>Centro de S\u00edndromes Gripais<\/strong><\/p>\n<p>O Secret\u00e1rio Municipal de Sa\u00fade, Marcos Beltr\u00e3o, agradeceu o apoio das parcerias que viabilizaram o investimento em UTI e anunciou mais duas boas not\u00edcias para Penedo e regi\u00e3o. Na pr\u00f3xima sexta-feira, ser\u00e1 inaugurado o Centro de S\u00edndromes Gripais para direcionar o atendimento de pessoas com suspeita de Covid-19 ou sintomas de gripe.<\/p>\n<p>\u201cA gente vai ter mais agilidade no atendimento e tamb\u00e9m poderemos desafogar os postos de sa\u00fade e principalmente a Unidade de Pronto Atendimento para que pessoas com outras comorbidades possam ser atendidas de forma muito mais c\u00e9lere na nossa UPA\u201d, informou Marcos Beltr\u00e3o.<\/p>\n<p>Al\u00e9m disso, os governos estadual e municipal est\u00e3o reformando a base do SAMU, ampliando a equipe e a assist\u00eancia, inclusive com uma nova Unidade de Suporte Avan\u00e7ado (USA) para o SAMU, investimento que assegura mais rapidez e seguran\u00e7a no transporte de pacientes.<\/p>\n<p>&nbsp;<\/p>\n<p><strong>Fonte: Decom &#8211; PMP<\/strong><\/p>\n<p>&nbsp;<\/p>\n","protected":false},"excerpt":{"rendered":"<p>As estrat\u00e9gias de combate ao coronav\u00edrus recebem um refor\u00e7o importante em Penedo. A cidade refer\u00eancia para a regi\u00e3o do Baixo S\u00e3o Francisco conta com 25 leitos exclusivos para v\u00edtimas da doen\u00e7a, sete de Unidade de Tratamento Intensivo (UTI) e 18 de enfermaria. A nova estrutura de enfrentamento da doen\u00e7a que causou mais de 900 mortes &hellip;<\/p>\n","protected":false},"author":1,"featured_media":7448,"comment_status":"open","ping_status":"open","sticky":false,"template":"","format":"standard","meta":{"_jetpack_newsletter_access":"","_jetpack_dont_email_post_to_subs":false,"_jetpack_newsletter_tier_id":0,"_jetpack_memberships_contains_paywalled_content":false,"_jetpack_memberships_contains_paid_content":false,"footnotes":""},"categories":[1],"tags":[],"class_list":["post-7447","post","type-post","status-publish","format-standard","has-post-thumbnail","hentry","category-destaque"],"jetpack_sharing_enabled":true,"jetpack_featured_media_url":"","_links":{"self":[{"href":"https:\/\/www.oparanews.com.br\/index.php\/wp-json\/wp\/v2\/posts\/7447","targetHints":{"allow":["GET"]}}],"collection":[{"href":"https:\/\/www.oparanews.com.br\/index.php\/wp-json\/wp\/v2\/posts"}],"about":[{"href":"https:\/\/www.oparanews.com.br\/index.php\/wp-json\/wp\/v2\/types\/post"}],"author":[{"embeddable":true,"href":"https:\/\/www.oparanews.com.br\/index.php\/wp-json\/wp\/v2\/users\/1"}],"replies":[{"embeddable":true,"href":"https:\/\/www.oparanews.com.br\/index.php\/wp-json\/wp\/v2\/comments?post=7447"}],"version-history":[{"count":0,"href":"https:\/\/www.oparanews.com.br\/index.php\/wp-json\/wp\/v2\/posts\/7447\/revisions"}],"wp:attachment":[{"href":"https:\/\/www.oparanews.com.br\/index.php\/wp-json\/wp\/v2\/media?parent=7447"}],"wp:term":[{"taxonomy":"category","embeddable":true,"href":"https:\/\/www.oparanews.com.br\/index.php\/wp-json\/wp\/v2\/categories?post=7447"},{"taxonomy":"post_tag","embeddable":true,"href":"https:\/\/www.oparanews.com.br\/index.php\/wp-json\/wp\/v2\/tags?post=7447"}],"curies":[{"name":"wp","href":"https:\/\/api.w.org\/{rel}","templated":true}]}}