{"id":7450,"date":"2020-06-24T12:13:31","date_gmt":"2020-06-24T12:13:31","guid":{"rendered":"https:\/\/oparanews.com.br\/?p=7450"},"modified":"2020-06-24T12:13:31","modified_gmt":"2020-06-24T12:13:31","slug":"covid-19-penedo-registra-novo-aumento-de-casos-com-agora-232-pessoas-doentes","status":"publish","type":"post","link":"https:\/\/www.oparanews.com.br\/index.php\/2020\/06\/24\/covid-19-penedo-registra-novo-aumento-de-casos-com-agora-232-pessoas-doentes\/","title":{"rendered":"Covid-19: Penedo registra novo aumento de casos com agora 232 pessoas doentes"},"content":{"rendered":"<p>O Boletim Epidemiol\u00f3gico desta ter\u00e7a-feira, 23, produzido pela Secretaria Municipal de Sa\u00fade de Penedo mostrou mais um aumento dos casos de Covid-19 no munic\u00edpio, que agora totaliza 232 pessoas doentes.<\/p>\n<p><a href=\"https:\/\/oparanews.com.br\/wp-content\/uploads\/2020\/06\/Sem-t\u00edtulo-59.jpg\"><img loading=\"lazy\" decoding=\"async\" class=\"alignleft size-medium wp-image-7451\" src=\"https:\/\/oparanews.com.br\/wp-content\/uploads\/2020\/06\/Sem-t\u00edtulo-59-273x300.jpg\" alt=\"\" width=\"273\" height=\"300\" \/><\/a>O n\u00famero representa uma eleva\u00e7\u00e3o de 36 casos em rela\u00e7\u00e3o ao boletim anterior que apontava 196 ocorr\u00eancias de Covid-19 em Penedo.<\/p>\n<p>Al\u00e9m disso, os n\u00fameros atualizados apontam que 196 pessoas est\u00e3o sendo monitoradas em Penedo, por conta da pandemia mundial; 218 casos foram descartados, 05 s\u00e3o considerados suspeitos e 58 se recuperaram de Covid-19. 4 pessoas morreram da doen\u00e7a no munic\u00edpio.<\/p>\n<p><strong>Localidades<\/strong><\/p>\n<p>O maior n\u00famero de contaminados em Penedo, est\u00e3o localizados no bairro de Santa Luzia, com 58 casos, seguindo pelo Dom Constantino, com 52 ocorr\u00eancias. Na zona rural o povoado com maior numero de casos \u00e9 a Palmeira Alta com 14 pessoas doentes.<\/p>\n<p>&nbsp;<\/p>\n<p><a href=\"https:\/\/oparanews.com.br\/wp-content\/uploads\/2020\/06\/Sem-t\u00edtulo-61.jpg\"><img loading=\"lazy\" decoding=\"async\" class=\"alignleft size-medium wp-image-7453\" src=\"https:\/\/oparanews.com.br\/wp-content\/uploads\/2020\/06\/Sem-t\u00edtulo-61-273x300.jpg\" alt=\"\" width=\"273\" height=\"300\" \/><\/a>A Secretaria Municipal de Sa\u00fade mant\u00e9m o servi\u00e7o de orienta\u00e7\u00e3o SOS Covid (99912-3351), para fornecer informa\u00e7\u00e3o especializada sobre a doen\u00e7a, contato exclusivo pelo aplicativo Whatsapp.<\/p>\n<p>&nbsp;<\/p>\n<p><strong>por Thiago Sobral &#8211; Decom (PMP)<\/strong><\/p>\n<p>&nbsp;<\/p>\n","protected":false},"excerpt":{"rendered":"<p>O Boletim Epidemiol\u00f3gico desta ter\u00e7a-feira, 23, produzido pela Secretaria Municipal de Sa\u00fade de Penedo mostrou mais um aumento dos casos de Covid-19 no munic\u00edpio, que agora totaliza 232 pessoas doentes. O n\u00famero representa uma eleva\u00e7\u00e3o de 36 casos em rela\u00e7\u00e3o ao boletim anterior que apontava 196 ocorr\u00eancias de Covid-19 em Penedo. Al\u00e9m disso, os n\u00fameros &hellip;<\/p>\n","protected":false},"author":1,"featured_media":7452,"comment_status":"open","ping_status":"open","sticky":false,"template":"","format":"standard","meta":{"_jetpack_newsletter_access":"","_jetpack_dont_email_post_to_subs":false,"_jetpack_newsletter_tier_id":0,"_jetpack_memberships_contains_paywalled_content":false,"_jetpack_memberships_contains_paid_content":false,"footnotes":""},"categories":[1],"tags":[],"class_list":["post-7450","post","type-post","status-publish","format-standard","has-post-thumbnail","hentry","category-destaque"],"jetpack_sharing_enabled":true,"jetpack_featured_media_url":"","_links":{"self":[{"href":"https:\/\/www.oparanews.com.br\/index.php\/wp-json\/wp\/v2\/posts\/7450","targetHints":{"allow":["GET"]}}],"collection":[{"href":"https:\/\/www.oparanews.com.br\/index.php\/wp-json\/wp\/v2\/posts"}],"about":[{"href":"https:\/\/www.oparanews.com.br\/index.php\/wp-json\/wp\/v2\/types\/post"}],"author":[{"embeddable":true,"href":"https:\/\/www.oparanews.com.br\/index.php\/wp-json\/wp\/v2\/users\/1"}],"replies":[{"embeddable":true,"href":"https:\/\/www.oparanews.com.br\/index.php\/wp-json\/wp\/v2\/comments?post=7450"}],"version-history":[{"count":0,"href":"https:\/\/www.oparanews.com.br\/index.php\/wp-json\/wp\/v2\/posts\/7450\/revisions"}],"wp:attachment":[{"href":"https:\/\/www.oparanews.com.br\/index.php\/wp-json\/wp\/v2\/media?parent=7450"}],"wp:term":[{"taxonomy":"category","embeddable":true,"href":"https:\/\/www.oparanews.com.br\/index.php\/wp-json\/wp\/v2\/categories?post=7450"},{"taxonomy":"post_tag","embeddable":true,"href":"https:\/\/www.oparanews.com.br\/index.php\/wp-json\/wp\/v2\/tags?post=7450"}],"curies":[{"name":"wp","href":"https:\/\/api.w.org\/{rel}","templated":true}]}}