{"id":7455,"date":"2020-06-24T12:15:34","date_gmt":"2020-06-24T12:15:34","guid":{"rendered":"https:\/\/oparanews.com.br\/?p=7455"},"modified":"2020-06-24T12:15:34","modified_gmt":"2020-06-24T12:15:34","slug":"prefeitura-de-penedo-divulga-pagamento-do-salario-de-junho","status":"publish","type":"post","link":"https:\/\/www.oparanews.com.br\/index.php\/2020\/06\/24\/prefeitura-de-penedo-divulga-pagamento-do-salario-de-junho\/","title":{"rendered":"Prefeitura de Penedo divulga pagamento do sal\u00e1rio de junho"},"content":{"rendered":"<p>Funcion\u00e1rios da Prefeitura de Penedo recebem os respectivos vencimentos referentes ao m\u00eas de junho a partir da pr\u00f3xima quinta-feira, dia 25.<\/p>\n<p>O calend\u00e1rio de quita\u00e7\u00e3o da folha de todo funcionalismo municipal foi divulgado agora h\u00e1 pouco, nas redes sociais oficiais do governo que paga em dia e dentro do m\u00eas trabalhado.<\/p>\n<p><a href=\"https:\/\/oparanews.com.br\/wp-content\/uploads\/2020\/06\/Sem-t\u00edtulo-63.jpg\"><img loading=\"lazy\" decoding=\"async\" class=\"aligncenter size-full wp-image-7457\" src=\"https:\/\/oparanews.com.br\/wp-content\/uploads\/2020\/06\/Sem-t\u00edtulo-63.jpg\" alt=\"\" width=\"1000\" height=\"1000\" \/><\/a><\/p>\n<p>O compromisso do governo Marcius Beltr\u00e3o\/Ronaldo Lopes assegura a circula\u00e7\u00e3o de recursos na economia local e a manuten\u00e7\u00e3o dos servidores do munic\u00edpio.<\/p>\n<p>O primeiro dia de pagamento do sal\u00e1rio de junho atende grande parte dos servidores, exceto os das duas maiores pastas.<\/p>\n<p>Quem trabalha na Secretaria Municipal de Educa\u00e7\u00e3o (Semed) recebe na sexta-feira, 26, e quem \u00e9 servidor da Secretaria Municipal de Sa\u00fade poder\u00e1 sacar seu sal\u00e1rio na ter\u00e7a-feira, 30<\/p>\n<p>J\u00e1 quem completa anivers\u00e1rio no m\u00eas em curso ter\u00e1 o vencimento incrementado com seu 13\u00ba sal\u00e1rio na segunda-feira, 29 de junho.<\/p>\n<p>&nbsp;<\/p>\n<p><strong>por Fernando Vin\u00edcius \u2013 Decom PMP<\/strong><\/p>\n<p>&nbsp;<\/p>\n","protected":false},"excerpt":{"rendered":"<p>Funcion\u00e1rios da Prefeitura de Penedo recebem os respectivos vencimentos referentes ao m\u00eas de junho a partir da pr\u00f3xima quinta-feira, dia 25. O calend\u00e1rio de quita\u00e7\u00e3o da folha de todo funcionalismo municipal foi divulgado agora h\u00e1 pouco, nas redes sociais oficiais do governo que paga em dia e dentro do m\u00eas trabalhado. O compromisso do governo &hellip;<\/p>\n","protected":false},"author":1,"featured_media":7456,"comment_status":"open","ping_status":"open","sticky":false,"template":"","format":"standard","meta":{"_jetpack_newsletter_access":"","_jetpack_dont_email_post_to_subs":false,"_jetpack_newsletter_tier_id":0,"_jetpack_memberships_contains_paywalled_content":false,"_jetpack_memberships_contains_paid_content":false,"footnotes":""},"categories":[1],"tags":[],"class_list":["post-7455","post","type-post","status-publish","format-standard","has-post-thumbnail","hentry","category-destaque"],"jetpack_sharing_enabled":true,"jetpack_featured_media_url":"","_links":{"self":[{"href":"https:\/\/www.oparanews.com.br\/index.php\/wp-json\/wp\/v2\/posts\/7455","targetHints":{"allow":["GET"]}}],"collection":[{"href":"https:\/\/www.oparanews.com.br\/index.php\/wp-json\/wp\/v2\/posts"}],"about":[{"href":"https:\/\/www.oparanews.com.br\/index.php\/wp-json\/wp\/v2\/types\/post"}],"author":[{"embeddable":true,"href":"https:\/\/www.oparanews.com.br\/index.php\/wp-json\/wp\/v2\/users\/1"}],"replies":[{"embeddable":true,"href":"https:\/\/www.oparanews.com.br\/index.php\/wp-json\/wp\/v2\/comments?post=7455"}],"version-history":[{"count":0,"href":"https:\/\/www.oparanews.com.br\/index.php\/wp-json\/wp\/v2\/posts\/7455\/revisions"}],"wp:attachment":[{"href":"https:\/\/www.oparanews.com.br\/index.php\/wp-json\/wp\/v2\/media?parent=7455"}],"wp:term":[{"taxonomy":"category","embeddable":true,"href":"https:\/\/www.oparanews.com.br\/index.php\/wp-json\/wp\/v2\/categories?post=7455"},{"taxonomy":"post_tag","embeddable":true,"href":"https:\/\/www.oparanews.com.br\/index.php\/wp-json\/wp\/v2\/tags?post=7455"}],"curies":[{"name":"wp","href":"https:\/\/api.w.org\/{rel}","templated":true}]}}