{"id":7459,"date":"2020-06-24T12:17:33","date_gmt":"2020-06-24T12:17:33","guid":{"rendered":"https:\/\/oparanews.com.br\/?p=7459"},"modified":"2020-06-24T12:17:33","modified_gmt":"2020-06-24T12:17:33","slug":"america-latina-supera-100-mil-vitimas-do-novo-coronavirus","status":"publish","type":"post","link":"https:\/\/www.oparanews.com.br\/index.php\/2020\/06\/24\/america-latina-supera-100-mil-vitimas-do-novo-coronavirus\/","title":{"rendered":"Am\u00e9rica Latina supera 100 mil v\u00edtimas do novo coronav\u00edrus"},"content":{"rendered":"<p>A pandemia do novo coronav\u00edrus n\u00e3o para de acelerar de maneira especial na Am\u00e9rica Latina e no Caribe, onde a marca das 100 mil mortes por Covid-19 foi superada nesta ter\u00e7a-feira (23), segundo a \u00faltima contagem da AFP baseada em dados oficiais.<\/p>\n<p>Atual epicentro global da pandemia, a Am\u00e9rica Latina acumula 2,16 milh\u00f5es de infec\u00e7\u00f5es e mais de 100,3 mil \u00f3bitos &#8211; mais da metade corresponde ao Brasil.<\/p>\n<p>No mundo, a doen\u00e7a j\u00e1 matou 476 mil vidas e provocou mais de 9,2 milh\u00f5es de casos, e segue &#8220;acelerando&#8221;, advertiu a Organiza\u00e7\u00e3o Mundial da Sa\u00fade (OMS).<\/p>\n<p>No Brasil, o segundo pa\u00eds mais afetado do mundo, com mais de 1,1 milh\u00e3o de casos e mais de 52 mil mortos.<\/p>\n<p>O Peru, o segundo pa\u00eds da regi\u00e3o em n\u00famero de infec\u00e7\u00f5es, com mais de 260 mil casos e mais de 8,4 mil mortes, est\u00e1 com os hospitais sobrecarregados. A economia recuou 13% nos primeiros quatro meses do ano. Ap\u00f3s 100 dias de confinamento, na ter\u00e7a-feira foram realizados os primeiros protestos trabalhistas.<\/p>\n<p>Na Bol\u00edvia, que est\u00e1 passando por uma escalada que superou 25 mil infec\u00e7\u00f5es, a maioria dos hospitais que atendem pacientes com coronav\u00edrus est\u00e1 \u00e0 beira do colapso, disseram autoridades e funcion\u00e1rios nesta ter\u00e7a.<\/p>\n<p>A Argentina, pa\u00eds que j\u00e1 est\u00e1 em confinamento obrigat\u00f3rio h\u00e1 tr\u00eas meses, viu sua economia piorar, ap\u00f3s dois anos de recess\u00e3o. O pa\u00eds j\u00e1 registra 44,9 mil casos de infec\u00e7\u00f5es e 1.049 mortes.<\/p>\n<p>Em Buenos Aires, onde 90% dos casos est\u00e3o concentrados, v\u00e1rias empresas leiloam m\u00f3veis e implementos, convencidos de que n\u00e3o poder\u00e3o mais reabrir.<\/p>\n<p>Em plena expans\u00e3o da pandemia Covid-19, o M\u00e9xico enfrentou na ter\u00e7a-feira um forte terremoto, que provocou danos e algumas mortes. O pa\u00eds, com 127 milh\u00f5es de habitantes, registra 185.122 casos e 22.584 mortes por pandemia.<\/p>\n<p>Com 127 milh\u00f5es de habitantes, registra 191.410 infec\u00e7\u00f5es e 23.377 \u00f3bitos pelo v\u00edrus. Na ter\u00e7a-feira, o pa\u00eds registrou 6.288 novos casos, o que representa o n\u00famero mais alto em 24 horas desde que o M\u00e9xico teve o primeiro diagn\u00f3stico no final de fevereiro.<\/p>\n<p>&nbsp;<\/p>\n<p><strong>Fonte: G1<\/strong><\/p>\n","protected":false},"excerpt":{"rendered":"<p>A pandemia do novo coronav\u00edrus n\u00e3o para de acelerar de maneira especial na Am\u00e9rica Latina e no Caribe, onde a marca das 100 mil mortes por Covid-19 foi superada nesta ter\u00e7a-feira (23), segundo a \u00faltima contagem da AFP baseada em dados oficiais. Atual epicentro global da pandemia, a Am\u00e9rica Latina acumula 2,16 milh\u00f5es de infec\u00e7\u00f5es &hellip;<\/p>\n","protected":false},"author":1,"featured_media":7460,"comment_status":"open","ping_status":"open","sticky":false,"template":"","format":"standard","meta":{"_jetpack_newsletter_access":"","_jetpack_dont_email_post_to_subs":false,"_jetpack_newsletter_tier_id":0,"_jetpack_memberships_contains_paywalled_content":false,"_jetpack_memberships_contains_paid_content":false,"footnotes":""},"categories":[1],"tags":[],"class_list":["post-7459","post","type-post","status-publish","format-standard","has-post-thumbnail","hentry","category-destaque"],"jetpack_sharing_enabled":true,"jetpack_featured_media_url":"","_links":{"self":[{"href":"https:\/\/www.oparanews.com.br\/index.php\/wp-json\/wp\/v2\/posts\/7459","targetHints":{"allow":["GET"]}}],"collection":[{"href":"https:\/\/www.oparanews.com.br\/index.php\/wp-json\/wp\/v2\/posts"}],"about":[{"href":"https:\/\/www.oparanews.com.br\/index.php\/wp-json\/wp\/v2\/types\/post"}],"author":[{"embeddable":true,"href":"https:\/\/www.oparanews.com.br\/index.php\/wp-json\/wp\/v2\/users\/1"}],"replies":[{"embeddable":true,"href":"https:\/\/www.oparanews.com.br\/index.php\/wp-json\/wp\/v2\/comments?post=7459"}],"version-history":[{"count":0,"href":"https:\/\/www.oparanews.com.br\/index.php\/wp-json\/wp\/v2\/posts\/7459\/revisions"}],"wp:attachment":[{"href":"https:\/\/www.oparanews.com.br\/index.php\/wp-json\/wp\/v2\/media?parent=7459"}],"wp:term":[{"taxonomy":"category","embeddable":true,"href":"https:\/\/www.oparanews.com.br\/index.php\/wp-json\/wp\/v2\/categories?post=7459"},{"taxonomy":"post_tag","embeddable":true,"href":"https:\/\/www.oparanews.com.br\/index.php\/wp-json\/wp\/v2\/tags?post=7459"}],"curies":[{"name":"wp","href":"https:\/\/api.w.org\/{rel}","templated":true}]}}